{"id":6421,"date":"2020-08-22T17:57:21","date_gmt":"2020-08-22T20:57:21","guid":{"rendered":"http:\/\/oasisfm935.com\/site\/?p=6421"},"modified":"2020-08-22T17:57:21","modified_gmt":"2020-08-22T20:57:21","slug":"la-pampa-dio-positivo-una-trabajadora-de-salud","status":"publish","type":"post","link":"https:\/\/oasisfm935.com.ar\/site\/la-pampa-dio-positivo-una-trabajadora-de-salud\/","title":{"rendered":"La Pampa: Dio positivo una trabajadora de Salud."},"content":{"rendered":"<p>Confirmaron un nuevo caso de coronavirus en Santa Rosa.\u00a0<strong>Hay 17 casos activos en la provincia.<\/strong><\/p>\n<p>Hay un nuevo caso de coronavirus en Santa Rosa: se trata de una trabajadora de Salud, que ya est\u00e1 aislada.<\/p>\n<p>El gobierno provincial, a trav\u00e9s del Ministerio de Salud, comunic\u00f3 que en la ma\u00f1ana de este s\u00e1bado 22 de agosto, se analizaron 13 muestras en el laboratorio Central de la Direcci\u00f3n de Epidemiolog\u00eda y una perteneciente a la ciudad de Santa Rosa, result\u00f3 positiva para COVID-19.<\/p>\n<p>Se trata de una trabajadora de Salud que ya se encuentra aislada. Se est\u00e1n investigando sus contactos estrechos.<\/p>\n<p>Desde el inicio de la pandemia, en nuestra provincia, se registraron un total 187 casos positivos para COVID-19, de los cuales 170 se han recuperado y 17 permanecen activos. Estos \u00faltimos est\u00e1n distribuidos de la siguiente manera: 5 en la ciudad de Santa Rosa, 8 en General Pico, 2 en Catril\u00f3, 1 en Realic\u00f3 y 1 Macach\u00edn.<\/p>\n<p>Los contactos estrechos de los casos confirmados son 82 y se encuentran cumpliendo aislamiento estricto, los mismos son monitoreados por personal de salud.<\/p>\n<p>Al d\u00eda de la fecha se les ha tomado muestra a trav\u00e9s del hisopado nasofar\u00edngeo en La Pampa a 2.864 personas.<\/p>\n<p>Se encuentran internadas un total de 6 personas confirmadas para COVID-19. En General Pico 3 personas en el Hospital Gobernador Centeno, de las cuales 2 permanecen con estado moderado y 1 persona en terapia intensiva. En el Centro Emergente de Asistencia Respiratoria de la localidad de Santa Rosa, se encuentran internadas 3 personas, 1 en Terapia Intensiva y 2 en cl\u00ednica m\u00e9dica.<\/p>\n<div class=\"oasis-despues-del-contenido\" id=\"oasis-3889557995\"><img loading=\"lazy\" decoding=\"async\" src=\"https:\/\/oasisfm935.com.ar\/site\/wp-content\/uploads\/2020\/08\/47806202-8741-49f2-a5c9-d2f930e5baa1.jpg\" alt=\"\"  srcset=\"https:\/\/oasisfm935.com.ar\/site\/wp-content\/uploads\/2020\/08\/47806202-8741-49f2-a5c9-d2f930e5baa1.jpg 1080w, https:\/\/oasisfm935.com.ar\/site\/wp-content\/uploads\/2020\/08\/47806202-8741-49f2-a5c9-d2f930e5baa1-300x300.jpg 300w, https:\/\/oasisfm935.com.ar\/site\/wp-content\/uploads\/2020\/08\/47806202-8741-49f2-a5c9-d2f930e5baa1-1024x1024.jpg 1024w, https:\/\/oasisfm935.com.ar\/site\/wp-content\/uploads\/2020\/08\/47806202-8741-49f2-a5c9-d2f930e5baa1-150x150.jpg 150w, https:\/\/oasisfm935.com.ar\/site\/wp-content\/uploads\/2020\/08\/47806202-8741-49f2-a5c9-d2f930e5baa1-768x768.jpg 768w\" sizes=\"(max-width: 1080px) 100vw, 1080px\" class=\"no-lazyload\" width=\"1080\" height=\"1080\"  style=\"display: inline-block;\" \/><\/div>","protected":false},"excerpt":{"rendered":"<p>Confirmaron un nuevo caso de coronavirus en Santa Rosa.\u00a0Hay 17 casos activos en la provincia. Hay un nuevo caso de coronavirus en<\/p>\n","protected":false},"author":4,"featured_media":6422,"comment_status":"closed","ping_status":"open","sticky":false,"template":"","format":"standard","meta":{"colormag_page_layout":"default_layout","footnotes":""},"categories":[2],"tags":[],"class_list":["post-6421","post","type-post","status-publish","format-standard","has-post-thumbnail","hentry","category-noticias"],"_links":{"self":[{"href":"https:\/\/oasisfm935.com.ar\/site\/wp-json\/wp\/v2\/posts\/6421","targetHints":{"allow":["GET"]}}],"collection":[{"href":"https:\/\/oasisfm935.com.ar\/site\/wp-json\/wp\/v2\/posts"}],"about":[{"href":"https:\/\/oasisfm935.com.ar\/site\/wp-json\/wp\/v2\/types\/post"}],"author":[{"embeddable":true,"href":"https:\/\/oasisfm935.com.ar\/site\/wp-json\/wp\/v2\/users\/4"}],"replies":[{"embeddable":true,"href":"https:\/\/oasisfm935.com.ar\/site\/wp-json\/wp\/v2\/comments?post=6421"}],"version-history":[{"count":1,"href":"https:\/\/oasisfm935.com.ar\/site\/wp-json\/wp\/v2\/posts\/6421\/revisions"}],"predecessor-version":[{"id":6423,"href":"https:\/\/oasisfm935.com.ar\/site\/wp-json\/wp\/v2\/posts\/6421\/revisions\/6423"}],"wp:featuredmedia":[{"embeddable":true,"href":"https:\/\/oasisfm935.com.ar\/site\/wp-json\/wp\/v2\/media\/6422"}],"wp:attachment":[{"href":"https:\/\/oasisfm935.com.ar\/site\/wp-json\/wp\/v2\/media?parent=6421"}],"wp:term":[{"taxonomy":"category","embeddable":true,"href":"https:\/\/oasisfm935.com.ar\/site\/wp-json\/wp\/v2\/categories?post=6421"},{"taxonomy":"post_tag","embeddable":true,"href":"https:\/\/oasisfm935.com.ar\/site\/wp-json\/wp\/v2\/tags?post=6421"}],"curies":[{"name":"wp","href":"https:\/\/api.w.org\/{rel}","templated":true}]}}