{"id":6434,"date":"2020-08-23T11:07:00","date_gmt":"2020-08-23T14:07:00","guid":{"rendered":"http:\/\/oasisfm935.com\/site\/?p=6434"},"modified":"2020-08-23T11:07:00","modified_gmt":"2020-08-23T14:07:00","slug":"alerta-por-vientos-intensos-con-rafagas-para-la-pampa","status":"publish","type":"post","link":"https:\/\/oasisfm935.com.ar\/site\/alerta-por-vientos-intensos-con-rafagas-para-la-pampa\/","title":{"rendered":"Alerta por vientos intensos con r\u00e1fagas para La Pampa."},"content":{"rendered":"<div class=\"letratitulonota\"><\/div>\n<div class=\"letracopetenota\">Se esperan intensidades de hasta 90 kil\u00f3metros por hora.<\/div>\n<div class=\"letranota text-justify padt15\">\n<p>El Servicio Meteorol\u00f3gico Nacional emiti\u00f3 un alerta por vientos intensos para La Pampa, oeste y sur de la provincia de Buenos Aires, noroeste, centro y sur de C\u00f3rdoba, este de Mendoza, este de R\u00edo Negro y San Luis.<\/p>\n<p>El \u00e1rea es afectada parcialmente por vientos intensos del sector norte. Se esperan intensidades entre 50 y 65 km, con r\u00e1fagas que podr\u00edan llegar a los 90 km\/h, seg\u00fan precis\u00f3 el organismo.<\/p>\n<p>Estas condiciones se mantendr\u00e1n por lo menos hasta la noche de este domingo 23 de agosto.<\/p>\n<\/div>\n<div class=\"oasis-despues-del-contenido\" id=\"oasis-3600038655\"><img loading=\"lazy\" decoding=\"async\" src=\"https:\/\/oasisfm935.com.ar\/site\/wp-content\/uploads\/2020\/08\/47806202-8741-49f2-a5c9-d2f930e5baa1.jpg\" alt=\"\"  srcset=\"https:\/\/oasisfm935.com.ar\/site\/wp-content\/uploads\/2020\/08\/47806202-8741-49f2-a5c9-d2f930e5baa1.jpg 1080w, https:\/\/oasisfm935.com.ar\/site\/wp-content\/uploads\/2020\/08\/47806202-8741-49f2-a5c9-d2f930e5baa1-300x300.jpg 300w, https:\/\/oasisfm935.com.ar\/site\/wp-content\/uploads\/2020\/08\/47806202-8741-49f2-a5c9-d2f930e5baa1-1024x1024.jpg 1024w, https:\/\/oasisfm935.com.ar\/site\/wp-content\/uploads\/2020\/08\/47806202-8741-49f2-a5c9-d2f930e5baa1-150x150.jpg 150w, https:\/\/oasisfm935.com.ar\/site\/wp-content\/uploads\/2020\/08\/47806202-8741-49f2-a5c9-d2f930e5baa1-768x768.jpg 768w\" sizes=\"(max-width: 1080px) 100vw, 1080px\" class=\"no-lazyload\" width=\"1080\" height=\"1080\"  style=\"display: inline-block;\" \/><\/div>","protected":false},"excerpt":{"rendered":"<p>Se esperan intensidades de hasta 90 kil\u00f3metros por hora. El Servicio Meteorol\u00f3gico Nacional emiti\u00f3 un alerta por vientos intensos para La Pampa,<\/p>\n","protected":false},"author":4,"featured_media":6435,"comment_status":"closed","ping_status":"open","sticky":false,"template":"","format":"standard","meta":{"colormag_page_layout":"default_layout","footnotes":""},"categories":[2],"tags":[],"class_list":["post-6434","post","type-post","status-publish","format-standard","has-post-thumbnail","hentry","category-noticias"],"_links":{"self":[{"href":"https:\/\/oasisfm935.com.ar\/site\/wp-json\/wp\/v2\/posts\/6434","targetHints":{"allow":["GET"]}}],"collection":[{"href":"https:\/\/oasisfm935.com.ar\/site\/wp-json\/wp\/v2\/posts"}],"about":[{"href":"https:\/\/oasisfm935.com.ar\/site\/wp-json\/wp\/v2\/types\/post"}],"author":[{"embeddable":true,"href":"https:\/\/oasisfm935.com.ar\/site\/wp-json\/wp\/v2\/users\/4"}],"replies":[{"embeddable":true,"href":"https:\/\/oasisfm935.com.ar\/site\/wp-json\/wp\/v2\/comments?post=6434"}],"version-history":[{"count":1,"href":"https:\/\/oasisfm935.com.ar\/site\/wp-json\/wp\/v2\/posts\/6434\/revisions"}],"predecessor-version":[{"id":6436,"href":"https:\/\/oasisfm935.com.ar\/site\/wp-json\/wp\/v2\/posts\/6434\/revisions\/6436"}],"wp:featuredmedia":[{"embeddable":true,"href":"https:\/\/oasisfm935.com.ar\/site\/wp-json\/wp\/v2\/media\/6435"}],"wp:attachment":[{"href":"https:\/\/oasisfm935.com.ar\/site\/wp-json\/wp\/v2\/media?parent=6434"}],"wp:term":[{"taxonomy":"category","embeddable":true,"href":"https:\/\/oasisfm935.com.ar\/site\/wp-json\/wp\/v2\/categories?post=6434"},{"taxonomy":"post_tag","embeddable":true,"href":"https:\/\/oasisfm935.com.ar\/site\/wp-json\/wp\/v2\/tags?post=6434"}],"curies":[{"name":"wp","href":"https:\/\/api.w.org\/{rel}","templated":true}]}}