{"id":6440,"date":"2020-08-23T18:22:28","date_gmt":"2020-08-23T21:22:28","guid":{"rendered":"http:\/\/oasisfm935.com\/site\/?p=6440"},"modified":"2020-08-23T18:22:28","modified_gmt":"2020-08-23T21:22:28","slug":"coronavirus-la-pampa-esta-tarde-se-procesaron-diez-muestras-que-resultaron-todas-negativas","status":"publish","type":"post","link":"https:\/\/oasisfm935.com.ar\/site\/coronavirus-la-pampa-esta-tarde-se-procesaron-diez-muestras-que-resultaron-todas-negativas\/","title":{"rendered":"Coronavirus La Pampa: Esta tarde se procesaron diez muestras que resultaron todas negativas"},"content":{"rendered":"<div>\n<p>\u00a0Todav\u00eda quedan 17 casos activos en la provincia y hay 82 contactos estrechos en aislamiento.<\/p>\n<p>El Gobierno de La Pampa, a trav\u00e9s del Ministerio de Salud. inform\u00f3 que en horas de la tarde de este domingo se finaliz\u00f3 con el procesamiento de 10 muestras en el laboratorio de Bacteriolog\u00eda del Hospital Lucio Molas y en el laboratorio Central de la Direcci\u00f3n de Epidemiologia, donde todas resultaron negativas para COVID-19.<\/p>\n<p>Desde el inicio de la pandemia, en nuestra provincia se registraron un total 187 casos positivos para COVID-19, de los cuales 170 se han recuperado y 17 permanecen activos. Estos \u00faltimos est\u00e1n distribuidos de la siguiente manera: 5 en Santa Rosa, 8 en General Pico, 2 en Catril\u00f3, 1 en Realic\u00f3 y 1 Macach\u00edn.<\/p>\n<p>Los contactos estrechos de los casos confirmados son 82 y se encuentran cumpliendo aislamiento estricto, con monitoreo del personal de salud.<\/p>\n<p>Al d\u00eda de la fecha se les ha tomado muestra a trav\u00e9s del hisopado nasofar\u00edngeo en La Pampa a 2.912 personas.<\/p>\n<p>Se encuentran internadas un total de seis personas confirmadas para COVID-19. En General Pico, tres personas en el Hospital Gobernador Centeno, de las cuales dos permanecen con estado moderado y una persona en terapia intensiva. En el Centro Emergente de Asistencia Respiratoria de Santa Rosa se encuentran internadas tres personas, una en Terapia Intensiva y dos en cl\u00ednica m\u00e9dica.<\/p>\n<\/div>\n<div class=\"col-12 text-right share-btns\"><i class=\"fab fa-facebook-f\" aria-hidden=\"true\"><\/i><\/div>\n<div class=\"oasis-despues-del-contenido\" id=\"oasis-1069763002\"><img loading=\"lazy\" decoding=\"async\" src=\"https:\/\/oasisfm935.com.ar\/site\/wp-content\/uploads\/2020\/08\/47806202-8741-49f2-a5c9-d2f930e5baa1.jpg\" alt=\"\"  srcset=\"https:\/\/oasisfm935.com.ar\/site\/wp-content\/uploads\/2020\/08\/47806202-8741-49f2-a5c9-d2f930e5baa1.jpg 1080w, https:\/\/oasisfm935.com.ar\/site\/wp-content\/uploads\/2020\/08\/47806202-8741-49f2-a5c9-d2f930e5baa1-300x300.jpg 300w, https:\/\/oasisfm935.com.ar\/site\/wp-content\/uploads\/2020\/08\/47806202-8741-49f2-a5c9-d2f930e5baa1-1024x1024.jpg 1024w, https:\/\/oasisfm935.com.ar\/site\/wp-content\/uploads\/2020\/08\/47806202-8741-49f2-a5c9-d2f930e5baa1-150x150.jpg 150w, https:\/\/oasisfm935.com.ar\/site\/wp-content\/uploads\/2020\/08\/47806202-8741-49f2-a5c9-d2f930e5baa1-768x768.jpg 768w\" sizes=\"(max-width: 1080px) 100vw, 1080px\" class=\"no-lazyload\" width=\"1080\" height=\"1080\"  style=\"display: inline-block;\" \/><\/div>","protected":false},"excerpt":{"rendered":"<p>\u00a0Todav\u00eda quedan 17 casos activos en la provincia y hay 82 contactos estrechos en aislamiento. El Gobierno de La Pampa, a trav\u00e9s<\/p>\n","protected":false},"author":4,"featured_media":6441,"comment_status":"closed","ping_status":"open","sticky":false,"template":"","format":"standard","meta":{"colormag_page_layout":"default_layout","footnotes":""},"categories":[2],"tags":[],"class_list":["post-6440","post","type-post","status-publish","format-standard","has-post-thumbnail","hentry","category-noticias"],"_links":{"self":[{"href":"https:\/\/oasisfm935.com.ar\/site\/wp-json\/wp\/v2\/posts\/6440","targetHints":{"allow":["GET"]}}],"collection":[{"href":"https:\/\/oasisfm935.com.ar\/site\/wp-json\/wp\/v2\/posts"}],"about":[{"href":"https:\/\/oasisfm935.com.ar\/site\/wp-json\/wp\/v2\/types\/post"}],"author":[{"embeddable":true,"href":"https:\/\/oasisfm935.com.ar\/site\/wp-json\/wp\/v2\/users\/4"}],"replies":[{"embeddable":true,"href":"https:\/\/oasisfm935.com.ar\/site\/wp-json\/wp\/v2\/comments?post=6440"}],"version-history":[{"count":1,"href":"https:\/\/oasisfm935.com.ar\/site\/wp-json\/wp\/v2\/posts\/6440\/revisions"}],"predecessor-version":[{"id":6442,"href":"https:\/\/oasisfm935.com.ar\/site\/wp-json\/wp\/v2\/posts\/6440\/revisions\/6442"}],"wp:featuredmedia":[{"embeddable":true,"href":"https:\/\/oasisfm935.com.ar\/site\/wp-json\/wp\/v2\/media\/6441"}],"wp:attachment":[{"href":"https:\/\/oasisfm935.com.ar\/site\/wp-json\/wp\/v2\/media?parent=6440"}],"wp:term":[{"taxonomy":"category","embeddable":true,"href":"https:\/\/oasisfm935.com.ar\/site\/wp-json\/wp\/v2\/categories?post=6440"},{"taxonomy":"post_tag","embeddable":true,"href":"https:\/\/oasisfm935.com.ar\/site\/wp-json\/wp\/v2\/tags?post=6440"}],"curies":[{"name":"wp","href":"https:\/\/api.w.org\/{rel}","templated":true}]}}