{"id":6444,"date":"2020-08-24T08:50:58","date_gmt":"2020-08-24T11:50:58","guid":{"rendered":"http:\/\/oasisfm935.com\/site\/?p=6444"},"modified":"2020-08-24T08:50:58","modified_gmt":"2020-08-24T11:50:58","slug":"emiten-alerta-meteorologico-para-la-pampa","status":"publish","type":"post","link":"https:\/\/oasisfm935.com.ar\/site\/emiten-alerta-meteorologico-para-la-pampa\/","title":{"rendered":"Emiten alerta meteorol\u00f3gico para La Pampa."},"content":{"rendered":"<p>El Servicio Meteorol\u00f3gico Nacional emiti\u00f3 este lunes a primera hora un alerta, por \u00abTormentas fuertes\u00bb, para una regi\u00f3n del territorio pampeano.<\/p>\n<p>El alerta, emitido a las 7, y con una duraci\u00f3n de seis horas, abarca, de manera puntual, al centro y este de La Pampa como as\u00ed tambi\u00e9n al oeste, centro y sur de la provincia de Bueno Aires, centro y sur de C\u00f3rdoba, y sur de Santa Fe.<\/p>\n<p>En el informe, Metereolog\u00eda puntualiz\u00f3 que se esperan fen\u00f3menos intensos de tormenta y ca\u00edda de agua sobre todo para el noreste de La Pampa, sur de C\u00f3rdoba y oeste de la provincia de Buenos Aires. Los valores estimados de precipitaci\u00f3n ser\u00edan entre 15 y 40 mil\u00edmetros.<\/p>\n<h2>Tormentas fuertes\u00a0<small>(Alerta Meteorol\u00f3gico 1)<\/small><\/h2>\n<ul>\n<li><strong>\u00a0Zonas:<\/strong>\u00a0Oeste, centro y sur de la provincia de Buenos Aires, Centro y sur de C\u00f3rdoba, Centro y este de La Pampa, y Sur de Santa Fe.<\/li>\n<\/ul>\n<ul>\n<li><strong>Informe:<\/strong>\u00a0Se espera que a partir de las \u00faltimas horas de la noche de hoy lunes o la madrugada de ma\u00f1ana martes 25 comiencen a generarse lluvias y tormentas en forma aislada en el sur del \u00e1rea de cobertura, para luego generalizarse y extenderse al resto de la zona. Estas pueden ser fuertes y estar acompa\u00f1adas de abundante ca\u00edda de agua en cortos per\u00edodos y fundamentalmente fuertes r\u00e1fagas, ca\u00edda de granizo e intensa actividad el\u00e9ctrica. Los fen\u00f3menos m\u00e1s intensos se esperan en el sur de C\u00f3rdoba, noreste de La Pampa y el oeste de la provincia de Buenos Aires. Se estiman valores de precipitaci\u00f3n acumulada entre 15 y 40 mil\u00edmetros.<\/li>\n<\/ul>\n<ul>\n<li><strong>\u00a0Fecha de emisi\u00f3n:<\/strong>\u00a024-8-2020 a las 07:00hs<\/li>\n<li><strong>\u00a0Pr\u00f3xima Actualizaci\u00f3n:<\/strong>\u00a013:00hs<\/li>\n<\/ul>\n<div class=\"oasis-despues-del-contenido\" id=\"oasis-468350867\"><img loading=\"lazy\" decoding=\"async\" src=\"https:\/\/oasisfm935.com.ar\/site\/wp-content\/uploads\/2020\/08\/47806202-8741-49f2-a5c9-d2f930e5baa1.jpg\" alt=\"\"  srcset=\"https:\/\/oasisfm935.com.ar\/site\/wp-content\/uploads\/2020\/08\/47806202-8741-49f2-a5c9-d2f930e5baa1.jpg 1080w, https:\/\/oasisfm935.com.ar\/site\/wp-content\/uploads\/2020\/08\/47806202-8741-49f2-a5c9-d2f930e5baa1-300x300.jpg 300w, https:\/\/oasisfm935.com.ar\/site\/wp-content\/uploads\/2020\/08\/47806202-8741-49f2-a5c9-d2f930e5baa1-1024x1024.jpg 1024w, https:\/\/oasisfm935.com.ar\/site\/wp-content\/uploads\/2020\/08\/47806202-8741-49f2-a5c9-d2f930e5baa1-150x150.jpg 150w, https:\/\/oasisfm935.com.ar\/site\/wp-content\/uploads\/2020\/08\/47806202-8741-49f2-a5c9-d2f930e5baa1-768x768.jpg 768w\" sizes=\"(max-width: 1080px) 100vw, 1080px\" class=\"no-lazyload\" width=\"1080\" height=\"1080\"  style=\"display: inline-block;\" \/><\/div>","protected":false},"excerpt":{"rendered":"<p>El Servicio Meteorol\u00f3gico Nacional emiti\u00f3 este lunes a primera hora un alerta, por \u00abTormentas fuertes\u00bb, para una regi\u00f3n del territorio pampeano. El<\/p>\n","protected":false},"author":4,"featured_media":6445,"comment_status":"closed","ping_status":"open","sticky":false,"template":"","format":"standard","meta":{"colormag_page_layout":"default_layout","footnotes":""},"categories":[2],"tags":[],"class_list":["post-6444","post","type-post","status-publish","format-standard","has-post-thumbnail","hentry","category-noticias"],"_links":{"self":[{"href":"https:\/\/oasisfm935.com.ar\/site\/wp-json\/wp\/v2\/posts\/6444","targetHints":{"allow":["GET"]}}],"collection":[{"href":"https:\/\/oasisfm935.com.ar\/site\/wp-json\/wp\/v2\/posts"}],"about":[{"href":"https:\/\/oasisfm935.com.ar\/site\/wp-json\/wp\/v2\/types\/post"}],"author":[{"embeddable":true,"href":"https:\/\/oasisfm935.com.ar\/site\/wp-json\/wp\/v2\/users\/4"}],"replies":[{"embeddable":true,"href":"https:\/\/oasisfm935.com.ar\/site\/wp-json\/wp\/v2\/comments?post=6444"}],"version-history":[{"count":1,"href":"https:\/\/oasisfm935.com.ar\/site\/wp-json\/wp\/v2\/posts\/6444\/revisions"}],"predecessor-version":[{"id":6446,"href":"https:\/\/oasisfm935.com.ar\/site\/wp-json\/wp\/v2\/posts\/6444\/revisions\/6446"}],"wp:featuredmedia":[{"embeddable":true,"href":"https:\/\/oasisfm935.com.ar\/site\/wp-json\/wp\/v2\/media\/6445"}],"wp:attachment":[{"href":"https:\/\/oasisfm935.com.ar\/site\/wp-json\/wp\/v2\/media?parent=6444"}],"wp:term":[{"taxonomy":"category","embeddable":true,"href":"https:\/\/oasisfm935.com.ar\/site\/wp-json\/wp\/v2\/categories?post=6444"},{"taxonomy":"post_tag","embeddable":true,"href":"https:\/\/oasisfm935.com.ar\/site\/wp-json\/wp\/v2\/tags?post=6444"}],"curies":[{"name":"wp","href":"https:\/\/api.w.org\/{rel}","templated":true}]}}