{"id":6451,"date":"2020-08-24T19:12:36","date_gmt":"2020-08-24T22:12:36","guid":{"rendered":"http:\/\/oasisfm935.com\/site\/?p=6451"},"modified":"2020-08-24T19:12:36","modified_gmt":"2020-08-24T22:12:36","slug":"coronavirus-en-la-pampa-un-nuevo-contacto-estrecho-resulto-positivo-en-general-pico","status":"publish","type":"post","link":"https:\/\/oasisfm935.com.ar\/site\/coronavirus-en-la-pampa-un-nuevo-contacto-estrecho-resulto-positivo-en-general-pico\/","title":{"rendered":"Coronavirus en La Pampa: Un nuevo contacto estrecho result\u00f3 positivo en General Pico"},"content":{"rendered":"<ul>\n<li><strong>El nuevo caso en La Pampa est\u00e1 vinculado al caso confirmado d\u00edas atr\u00e1s, con nexo en Buenos Aires.<\/strong><\/li>\n<\/ul>\n<p>El Gobierno de la Provincia de La Pampa a trav\u00e9s del Ministerio de Salud comunica que, en horas de la tarde del d\u00eda de 24 de agosto se finaliz\u00f3 con el procesamiento de 28 muestras, en los laboratorios de Bacteriolog\u00eda del Hospital Lucio Molas, del Hospital Gobernador Centeno y en el laboratorio Central de la Direcci\u00f3n de Epidemiolog\u00eda, 1 de ellas result\u00f3 positiva para COVID-19.<\/p>\n<p>Se trata de una persona de General Pico que estaba cumpliendo aislamiento desde el d\u00eda 9 de agosto, por ser considerada contacto estrecho de un caso confirmado en Buenos Aires. La paciente no refiere contactos estrechos debido al aislamiento que ven\u00eda realizando.<\/p>\n<p><strong>Aclaraci\u00f3n sobre la carga de casos confirmados en el Reporte Nacional<\/strong><\/p>\n<p>Es importante aclarar que existe una diferencia de casos confirmados entre el Reporte Provincial y el Nacional ya que se asisten y notifican pacientes que viven en otras provincias que tienen domicilio legal (el que figura en el DNI) en la provincia de La Pampa<\/p>\n<p><strong>B\u00fasqueda Activa en el barrio Santa Mar\u00eda de Las Pampas<\/strong><\/p>\n<p>En el d\u00eda de la fecha desde el Ministerio de Salud de la provincia, se llev\u00f3 adelante un trabajo de campo en el barrio Santa Mar\u00eda de Las Pampas. La finalidad del mismo consiste en detectar precozmente patolog\u00edas respiratorias, a trav\u00e9s del programa B\u00fasqueda Activa de posibles casos de COVID-19. Se relevaron 329 viviendas y 1535 personas de las cuales ninguna present\u00f3 s\u00edntomas compatibles con este nuevo coronavirus. Se reforzaron medidas de protecci\u00f3n personal y comunitarias, no realizando ning\u00fan hisopados para diagn\u00f3stico de COVID-19.<\/p>\n<p>Tambi\u00e9n se intensific\u00f3 el control de vacunas en menores y inst\u00f3 a la poblaci\u00f3n a realizar consultas programadas para control de patolog\u00edas cr\u00f3nicas, control de embarazo, control de ni\u00f1o sano, etc Para efectuar estos controles se debe llamar al centro de salud de Barrio Aeropuerto.<\/p>\n<p><strong>Situaci\u00f3n Provincial<\/strong><\/p>\n<p>Desde el inicio de la pandemia, en nuestra provincia, se registraron un total 188 casos positivos para COVID-19, de los cuales 170 se han recuperado y 18 permanecen activos.<\/p>\n<p>Estos \u00faltimos est\u00e1n distribuidos de la siguiente manera: 5 en la ciudad de Santa Rosa, 9 en General Pico, 2 en Catril\u00f3, 1 en Realic\u00f3 y 1 Macach\u00edn.<\/p>\n<p>Los contactos estrechos de los casos confirmados son 79 y se encuentran cumpliendo aislamiento estricto, los mismos son monitoreados por personal de salud.<\/p>\n<p>Al d\u00eda de la fecha se les ha tomado muestra a trav\u00e9s del hisopado nasofar\u00edngeo en La Pampa a 2940 personas.<\/p>\n<p>Se encuentran internadas un total de 6 personas confirmadas para COVID-19. En General Pico 3 personas en el Hospital Gobernador Centeno, de las cuales 2 permanecen con estado moderado y 1 persona en terapia intensiva.<\/p>\n<p>En el Centro Emergente de Asistencia Respiratoria de la localidad de Santa Rosa, se encuentran internadas 3 personas, 1 en Terapia Intensiva y 2 en cl\u00ednica m\u00e9dica.<\/p>\n<div class=\"oasis-despues-del-contenido\" id=\"oasis-1373953982\"><img loading=\"lazy\" decoding=\"async\" src=\"https:\/\/oasisfm935.com.ar\/site\/wp-content\/uploads\/2020\/08\/47806202-8741-49f2-a5c9-d2f930e5baa1.jpg\" alt=\"\"  srcset=\"https:\/\/oasisfm935.com.ar\/site\/wp-content\/uploads\/2020\/08\/47806202-8741-49f2-a5c9-d2f930e5baa1.jpg 1080w, https:\/\/oasisfm935.com.ar\/site\/wp-content\/uploads\/2020\/08\/47806202-8741-49f2-a5c9-d2f930e5baa1-300x300.jpg 300w, https:\/\/oasisfm935.com.ar\/site\/wp-content\/uploads\/2020\/08\/47806202-8741-49f2-a5c9-d2f930e5baa1-1024x1024.jpg 1024w, https:\/\/oasisfm935.com.ar\/site\/wp-content\/uploads\/2020\/08\/47806202-8741-49f2-a5c9-d2f930e5baa1-150x150.jpg 150w, https:\/\/oasisfm935.com.ar\/site\/wp-content\/uploads\/2020\/08\/47806202-8741-49f2-a5c9-d2f930e5baa1-768x768.jpg 768w\" sizes=\"(max-width: 1080px) 100vw, 1080px\" class=\"no-lazyload\" width=\"1080\" height=\"1080\"  style=\"display: inline-block;\" \/><\/div>","protected":false},"excerpt":{"rendered":"<p>El nuevo caso en La Pampa est\u00e1 vinculado al caso confirmado d\u00edas atr\u00e1s, con nexo en Buenos Aires. El Gobierno de la<\/p>\n","protected":false},"author":4,"featured_media":6452,"comment_status":"closed","ping_status":"open","sticky":false,"template":"","format":"standard","meta":{"colormag_page_layout":"default_layout","footnotes":""},"categories":[2],"tags":[],"class_list":["post-6451","post","type-post","status-publish","format-standard","has-post-thumbnail","hentry","category-noticias"],"_links":{"self":[{"href":"https:\/\/oasisfm935.com.ar\/site\/wp-json\/wp\/v2\/posts\/6451","targetHints":{"allow":["GET"]}}],"collection":[{"href":"https:\/\/oasisfm935.com.ar\/site\/wp-json\/wp\/v2\/posts"}],"about":[{"href":"https:\/\/oasisfm935.com.ar\/site\/wp-json\/wp\/v2\/types\/post"}],"author":[{"embeddable":true,"href":"https:\/\/oasisfm935.com.ar\/site\/wp-json\/wp\/v2\/users\/4"}],"replies":[{"embeddable":true,"href":"https:\/\/oasisfm935.com.ar\/site\/wp-json\/wp\/v2\/comments?post=6451"}],"version-history":[{"count":1,"href":"https:\/\/oasisfm935.com.ar\/site\/wp-json\/wp\/v2\/posts\/6451\/revisions"}],"predecessor-version":[{"id":6453,"href":"https:\/\/oasisfm935.com.ar\/site\/wp-json\/wp\/v2\/posts\/6451\/revisions\/6453"}],"wp:featuredmedia":[{"embeddable":true,"href":"https:\/\/oasisfm935.com.ar\/site\/wp-json\/wp\/v2\/media\/6452"}],"wp:attachment":[{"href":"https:\/\/oasisfm935.com.ar\/site\/wp-json\/wp\/v2\/media?parent=6451"}],"wp:term":[{"taxonomy":"category","embeddable":true,"href":"https:\/\/oasisfm935.com.ar\/site\/wp-json\/wp\/v2\/categories?post=6451"},{"taxonomy":"post_tag","embeddable":true,"href":"https:\/\/oasisfm935.com.ar\/site\/wp-json\/wp\/v2\/tags?post=6451"}],"curies":[{"name":"wp","href":"https:\/\/api.w.org\/{rel}","templated":true}]}}