{"id":646,"date":"2019-02-01T12:13:52","date_gmt":"2019-02-01T15:13:52","guid":{"rendered":"http:\/\/oasisfm935.com\/site\/?p=646"},"modified":"2019-02-01T12:13:52","modified_gmt":"2019-02-01T15:13:52","slug":"la-suba-de-la-electricidad-en-la-pampa-es-del-28","status":"publish","type":"post","link":"https:\/\/oasisfm935.com.ar\/site\/la-suba-de-la-electricidad-en-la-pampa-es-del-28\/","title":{"rendered":"LA SUBA DE LA ELECTRICIDAD EN LA PAMPA ES DEL 28%"},"content":{"rendered":"<p>Desde hoy comienza a regir un aumento\u00a0del 28% en los servicios de electricidad en La Pampa. As\u00ed lo establece una disposici\u00f3n de la Administraci\u00f3n Provincial de Energ\u00eda que autoriza esa suba a las cooperativas pampeanas.<\/p>\n<div class=\"g g-1\">\n<div class=\"g-single a-4\">\nLa Administraci\u00f3n Provincial de Energ\u00eda (APE) autoriz\u00f3 una suba del 28% en el valor de la electricidad en La Pampa. Lo hizo a trav\u00e9s de una disposici\u00f3n que autoriza a las cooperativas pampeanas a trasladar ese aumento a los usuarios de la provincia.<\/p>\n<p>\u201cSe traslada el aumento de Naci\u00f3n en la suba de energ\u00eda en el usuario final un 28%. Es v\u00e1lido desde febrero hasta fines de julio\u201d, coment\u00f3 el titular de la APE, Gonz\u00e1lez Marcos.<\/p>\n<p>El funcionario explic\u00f3 que a la provincia Naci\u00f3n le aument\u00f3 la energ\u00eda un 37%. \u201cA la APE le subi\u00f3 un 37% ahora y va a llegar a un 55% en agosto el aumento del costo de la energ\u00eda en el mercado mayorista\u201d, inform\u00f3.<\/p>\n<p>APE y las Federaci\u00f3n Pampeana de Cooperativas El\u00e9ctricas (FePamCo) mantuvieron reuniones durante enero para tratar de no trasladar todo el aumento a los usuarios. \u201cA las cooperativas se le permite un ajuste del 28% que incluye, adem\u00e1s del aumento de Naci\u00f3n, una parte de la pauta salarial del a\u00f1o pasado y el ajuste por inflaci\u00f3n. Lo importante es que se trabaj\u00f3 para tratar de minorizar el impacto en los usuario finales. Comparado con el aumento que aplic\u00f3 Naci\u00f3n ac\u00e1 es mucho menor\u201d, afirm\u00f3.<\/p>\n<p>Los usuarios finales van a pagar el aumento con la boleta del mes de abril<\/p>\n<p>fuente :InfoTec 4.0<\/p>\n<p><ins class=\"adsbygoogle\" data-ad-client=\"ca-pub-8462277473027869\" data-ad-slot=\"2416895182\" data-ad-format=\"auto\" data-adsbygoogle-status=\"done\"><ins id=\"aswift_0_expand\"><ins id=\"aswift_0_anchor\"><\/ins><\/ins><\/ins><\/p>\n<\/div>\n<\/div>\n<div class=\"oasis-despues-del-contenido\" id=\"oasis-917040736\"><img loading=\"lazy\" decoding=\"async\" src=\"https:\/\/oasisfm935.com.ar\/site\/wp-content\/uploads\/2020\/08\/47806202-8741-49f2-a5c9-d2f930e5baa1.jpg\" alt=\"\"  srcset=\"https:\/\/oasisfm935.com.ar\/site\/wp-content\/uploads\/2020\/08\/47806202-8741-49f2-a5c9-d2f930e5baa1.jpg 1080w, https:\/\/oasisfm935.com.ar\/site\/wp-content\/uploads\/2020\/08\/47806202-8741-49f2-a5c9-d2f930e5baa1-300x300.jpg 300w, https:\/\/oasisfm935.com.ar\/site\/wp-content\/uploads\/2020\/08\/47806202-8741-49f2-a5c9-d2f930e5baa1-1024x1024.jpg 1024w, https:\/\/oasisfm935.com.ar\/site\/wp-content\/uploads\/2020\/08\/47806202-8741-49f2-a5c9-d2f930e5baa1-150x150.jpg 150w, https:\/\/oasisfm935.com.ar\/site\/wp-content\/uploads\/2020\/08\/47806202-8741-49f2-a5c9-d2f930e5baa1-768x768.jpg 768w\" sizes=\"(max-width: 1080px) 100vw, 1080px\" class=\"no-lazyload\" width=\"1080\" height=\"1080\"  style=\"display: inline-block;\" \/><\/div>","protected":false},"excerpt":{"rendered":"<p>Desde hoy comienza a regir un aumento\u00a0del 28% en los servicios de electricidad en La Pampa. As\u00ed lo establece una disposici\u00f3n de<\/p>\n","protected":false},"author":4,"featured_media":647,"comment_status":"closed","ping_status":"open","sticky":false,"template":"","format":"standard","meta":{"colormag_page_layout":"default_layout","footnotes":""},"categories":[2],"tags":[],"class_list":["post-646","post","type-post","status-publish","format-standard","has-post-thumbnail","hentry","category-noticias"],"_links":{"self":[{"href":"https:\/\/oasisfm935.com.ar\/site\/wp-json\/wp\/v2\/posts\/646","targetHints":{"allow":["GET"]}}],"collection":[{"href":"https:\/\/oasisfm935.com.ar\/site\/wp-json\/wp\/v2\/posts"}],"about":[{"href":"https:\/\/oasisfm935.com.ar\/site\/wp-json\/wp\/v2\/types\/post"}],"author":[{"embeddable":true,"href":"https:\/\/oasisfm935.com.ar\/site\/wp-json\/wp\/v2\/users\/4"}],"replies":[{"embeddable":true,"href":"https:\/\/oasisfm935.com.ar\/site\/wp-json\/wp\/v2\/comments?post=646"}],"version-history":[{"count":1,"href":"https:\/\/oasisfm935.com.ar\/site\/wp-json\/wp\/v2\/posts\/646\/revisions"}],"predecessor-version":[{"id":648,"href":"https:\/\/oasisfm935.com.ar\/site\/wp-json\/wp\/v2\/posts\/646\/revisions\/648"}],"wp:featuredmedia":[{"embeddable":true,"href":"https:\/\/oasisfm935.com.ar\/site\/wp-json\/wp\/v2\/media\/647"}],"wp:attachment":[{"href":"https:\/\/oasisfm935.com.ar\/site\/wp-json\/wp\/v2\/media?parent=646"}],"wp:term":[{"taxonomy":"category","embeddable":true,"href":"https:\/\/oasisfm935.com.ar\/site\/wp-json\/wp\/v2\/categories?post=646"},{"taxonomy":"post_tag","embeddable":true,"href":"https:\/\/oasisfm935.com.ar\/site\/wp-json\/wp\/v2\/tags?post=646"}],"curies":[{"name":"wp","href":"https:\/\/api.w.org\/{rel}","templated":true}]}}