{"id":6460,"date":"2020-08-25T16:50:39","date_gmt":"2020-08-25T19:50:39","guid":{"rendered":"http:\/\/oasisfm935.com\/site\/?p=6460"},"modified":"2020-08-25T16:50:39","modified_gmt":"2020-08-25T19:50:39","slug":"covid-ziliotto-dijo-que-la-muerte-del-abuelo-de-96-anos-se-debio-a-la-irresponsabilidad-en-catrilo","status":"publish","type":"post","link":"https:\/\/oasisfm935.com.ar\/site\/covid-ziliotto-dijo-que-la-muerte-del-abuelo-de-96-anos-se-debio-a-la-irresponsabilidad-en-catrilo\/","title":{"rendered":"Covid: Ziliotto dijo que la muerte del abuelo de 96 a\u00f1os se debi\u00f3 a la irresponsabilidad en Catril\u00f3"},"content":{"rendered":"<p>El gobernador<strong>\u00a0Sergio Ziliotto\u00a0<\/strong>se mostr\u00f3 dolido por la primera muerte de una persona por coronavirus\u00a0 <strong><a href=\"http:\/\/diariotextual.com\/inicio\/index.php\/2020\/08\/25\/un-hombre-de-96-anos-murio-de-coronavirus-en-pico\/\" target=\"_blank\" rel=\"noreferrer noopener\">\u00a0<\/a><\/strong>en La Pampa y\u00a0<strong>le apunt\u00f3 a los encuentros sociales clandestinos<\/strong>\u00a0que se hicieron en la zona de<strong>\u00a0Catril\u00f3<\/strong>, que dispararon un brote de Covid-19.<\/p>\n<p>\u00abUn abuelo es el primer fallecido por Covid en La Pampa. Su edad no puede ser una justificaci\u00f3n.\u00a0<strong>En sus 96 a\u00f1os gan\u00f3 muchas batallas por su salud. Esta vez no pudo con la pandemia, menos a\u00fan con la irresponsabilidad social de quienes s\u00f3lo pensaron en ellos<\/strong>\u00ab, tuite\u00f3.<\/p>\n<p>El hombre estuvo 31 d\u00edas internado. Se hab\u00eda contagiado de personas que, a su vez, hab\u00edan contra\u00eddo el covid en la zona de Catril\u00f3.<\/p>\n<div class=\"oasis-despues-del-contenido\" id=\"oasis-1248705712\"><img loading=\"lazy\" decoding=\"async\" src=\"https:\/\/oasisfm935.com.ar\/site\/wp-content\/uploads\/2020\/08\/47806202-8741-49f2-a5c9-d2f930e5baa1.jpg\" alt=\"\"  srcset=\"https:\/\/oasisfm935.com.ar\/site\/wp-content\/uploads\/2020\/08\/47806202-8741-49f2-a5c9-d2f930e5baa1.jpg 1080w, https:\/\/oasisfm935.com.ar\/site\/wp-content\/uploads\/2020\/08\/47806202-8741-49f2-a5c9-d2f930e5baa1-300x300.jpg 300w, https:\/\/oasisfm935.com.ar\/site\/wp-content\/uploads\/2020\/08\/47806202-8741-49f2-a5c9-d2f930e5baa1-1024x1024.jpg 1024w, https:\/\/oasisfm935.com.ar\/site\/wp-content\/uploads\/2020\/08\/47806202-8741-49f2-a5c9-d2f930e5baa1-150x150.jpg 150w, https:\/\/oasisfm935.com.ar\/site\/wp-content\/uploads\/2020\/08\/47806202-8741-49f2-a5c9-d2f930e5baa1-768x768.jpg 768w\" sizes=\"(max-width: 1080px) 100vw, 1080px\" class=\"no-lazyload\" width=\"1080\" height=\"1080\"  style=\"display: inline-block;\" \/><\/div>","protected":false},"excerpt":{"rendered":"<p>El gobernador\u00a0Sergio Ziliotto\u00a0se mostr\u00f3 dolido por la primera muerte de una persona por coronavirus\u00a0 \u00a0en La Pampa y\u00a0le apunt\u00f3 a los encuentros<\/p>\n","protected":false},"author":4,"featured_media":6461,"comment_status":"closed","ping_status":"open","sticky":false,"template":"","format":"standard","meta":{"colormag_page_layout":"default_layout","footnotes":""},"categories":[2],"tags":[],"class_list":["post-6460","post","type-post","status-publish","format-standard","has-post-thumbnail","hentry","category-noticias"],"_links":{"self":[{"href":"https:\/\/oasisfm935.com.ar\/site\/wp-json\/wp\/v2\/posts\/6460","targetHints":{"allow":["GET"]}}],"collection":[{"href":"https:\/\/oasisfm935.com.ar\/site\/wp-json\/wp\/v2\/posts"}],"about":[{"href":"https:\/\/oasisfm935.com.ar\/site\/wp-json\/wp\/v2\/types\/post"}],"author":[{"embeddable":true,"href":"https:\/\/oasisfm935.com.ar\/site\/wp-json\/wp\/v2\/users\/4"}],"replies":[{"embeddable":true,"href":"https:\/\/oasisfm935.com.ar\/site\/wp-json\/wp\/v2\/comments?post=6460"}],"version-history":[{"count":1,"href":"https:\/\/oasisfm935.com.ar\/site\/wp-json\/wp\/v2\/posts\/6460\/revisions"}],"predecessor-version":[{"id":6462,"href":"https:\/\/oasisfm935.com.ar\/site\/wp-json\/wp\/v2\/posts\/6460\/revisions\/6462"}],"wp:featuredmedia":[{"embeddable":true,"href":"https:\/\/oasisfm935.com.ar\/site\/wp-json\/wp\/v2\/media\/6461"}],"wp:attachment":[{"href":"https:\/\/oasisfm935.com.ar\/site\/wp-json\/wp\/v2\/media?parent=6460"}],"wp:term":[{"taxonomy":"category","embeddable":true,"href":"https:\/\/oasisfm935.com.ar\/site\/wp-json\/wp\/v2\/categories?post=6460"},{"taxonomy":"post_tag","embeddable":true,"href":"https:\/\/oasisfm935.com.ar\/site\/wp-json\/wp\/v2\/tags?post=6460"}],"curies":[{"name":"wp","href":"https:\/\/api.w.org\/{rel}","templated":true}]}}