{"id":6463,"date":"2020-08-25T17:37:15","date_gmt":"2020-08-25T20:37:15","guid":{"rendered":"http:\/\/oasisfm935.com\/site\/?p=6463"},"modified":"2020-08-25T17:37:15","modified_gmt":"2020-08-25T20:37:15","slug":"la-pampa-otro-trabajador-de-salud-positivo-de-coronavirus","status":"publish","type":"post","link":"https:\/\/oasisfm935.com.ar\/site\/la-pampa-otro-trabajador-de-salud-positivo-de-coronavirus\/","title":{"rendered":"La Pampa: Otro trabajador de Salud, positivo de coronavirus"},"content":{"rendered":"<p>El Gobierno Provincial inform\u00f3 que fueron descartadas 37 muestras, y que 5 pacientes se suman a la lista de recuperados.<\/p>\n<p>En la tarde de este martes, el gobierno provincial inform\u00f3 un caso positivo en Santa Rosa.<\/p>\n<p>La persona diagnosticada es un trabajador de Salud que se desempe\u00f1a en Santa Rosa y Guatrach\u00e9, residente en esta \u00faltima localidad.<\/p>\n<p>Desde la Direcci\u00f3n de Epidemiolog\u00eda se est\u00e1 realizando la investigaci\u00f3n del caso, al momento se refieren 5 contactos estrechos pertenecientes a su grupo familiar. Los mismos se encuentran cumpliendo estricto aislamiento.<\/p>\n<p>El Gobierno de la Provincia de La Pampa a trav\u00e9s del Ministerio de Salud comunic\u00f3 que, en horas de la tarde del d\u00eda de la fecha se finaliz\u00f3 con el procesamiento de 37 muestras, en los laboratorios de Bacteriolog\u00eda del Hospital Lucio Molas, del Establecimiento Asistencial Gobernador Centeno y de la Direcci\u00f3n de Epidemiolog\u00eda, 1 de ellas result\u00f3 positiva para COVID-19.<\/p>\n<p>&nbsp;<\/p>\n<p>Situaci\u00f3n provincial<\/p>\n<p>Desde el inicio de la pandemia, en la Provincia, se registraron un total 189 casos positivos para COVID-19, de los cuales 13 permanecen activos, 1 ha fallecido y 175 se han recuperado.<\/p>\n<p>Se suman entre estos \u00faltimos un paciente de Realic\u00f3 y 4 de General Pico que han sido dados de alta. Los casos confirmados activos est\u00e1n distribuidos de la siguiente manera: 5 en la ciudad de Santa Rosa, 4 en General Pico, 2 en Catril\u00f3, 1 en Macach\u00edn y 1 en Guatrach\u00e9.<\/p>\n<p>Los contactos estrechos de los casos confirmados son 67 y se encuentran cumpliendo aislamiento estricto, los mismos son monitoreados por personal de Salud.<br \/>\nAl d\u00eda de la fecha se les ha tomado muestra a trav\u00e9s del hisopado nasofar\u00edngeo en La Pampa a 2977 personas.<\/p>\n<p>Se encuentran internadas un total de 3 personas confirmadas para COVID-19. En General Pico en el Establecimiento Asistencial Gobernador Centeno una sola persona en terapia intensiva y en el Centro Emergente de Asistencia Respiratoria (CEAR) de la ciudad de Santa Rosa, se encuentran internadas 2 personas, 1 en terapia intensiva y 1 en cl\u00ednica m\u00e9dica.<\/p>\n<div class=\"oasis-despues-del-contenido\" id=\"oasis-1739300073\"><img loading=\"lazy\" decoding=\"async\" src=\"https:\/\/oasisfm935.com.ar\/site\/wp-content\/uploads\/2020\/08\/47806202-8741-49f2-a5c9-d2f930e5baa1.jpg\" alt=\"\"  srcset=\"https:\/\/oasisfm935.com.ar\/site\/wp-content\/uploads\/2020\/08\/47806202-8741-49f2-a5c9-d2f930e5baa1.jpg 1080w, https:\/\/oasisfm935.com.ar\/site\/wp-content\/uploads\/2020\/08\/47806202-8741-49f2-a5c9-d2f930e5baa1-300x300.jpg 300w, https:\/\/oasisfm935.com.ar\/site\/wp-content\/uploads\/2020\/08\/47806202-8741-49f2-a5c9-d2f930e5baa1-1024x1024.jpg 1024w, https:\/\/oasisfm935.com.ar\/site\/wp-content\/uploads\/2020\/08\/47806202-8741-49f2-a5c9-d2f930e5baa1-150x150.jpg 150w, https:\/\/oasisfm935.com.ar\/site\/wp-content\/uploads\/2020\/08\/47806202-8741-49f2-a5c9-d2f930e5baa1-768x768.jpg 768w\" sizes=\"(max-width: 1080px) 100vw, 1080px\" class=\"no-lazyload\" width=\"1080\" height=\"1080\"  style=\"display: inline-block;\" \/><\/div>","protected":false},"excerpt":{"rendered":"<p>El Gobierno Provincial inform\u00f3 que fueron descartadas 37 muestras, y que 5 pacientes se suman a la lista de recuperados. En la<\/p>\n","protected":false},"author":4,"featured_media":6464,"comment_status":"closed","ping_status":"open","sticky":false,"template":"","format":"standard","meta":{"colormag_page_layout":"default_layout","footnotes":""},"categories":[2],"tags":[],"class_list":["post-6463","post","type-post","status-publish","format-standard","has-post-thumbnail","hentry","category-noticias"],"_links":{"self":[{"href":"https:\/\/oasisfm935.com.ar\/site\/wp-json\/wp\/v2\/posts\/6463","targetHints":{"allow":["GET"]}}],"collection":[{"href":"https:\/\/oasisfm935.com.ar\/site\/wp-json\/wp\/v2\/posts"}],"about":[{"href":"https:\/\/oasisfm935.com.ar\/site\/wp-json\/wp\/v2\/types\/post"}],"author":[{"embeddable":true,"href":"https:\/\/oasisfm935.com.ar\/site\/wp-json\/wp\/v2\/users\/4"}],"replies":[{"embeddable":true,"href":"https:\/\/oasisfm935.com.ar\/site\/wp-json\/wp\/v2\/comments?post=6463"}],"version-history":[{"count":1,"href":"https:\/\/oasisfm935.com.ar\/site\/wp-json\/wp\/v2\/posts\/6463\/revisions"}],"predecessor-version":[{"id":6465,"href":"https:\/\/oasisfm935.com.ar\/site\/wp-json\/wp\/v2\/posts\/6463\/revisions\/6465"}],"wp:featuredmedia":[{"embeddable":true,"href":"https:\/\/oasisfm935.com.ar\/site\/wp-json\/wp\/v2\/media\/6464"}],"wp:attachment":[{"href":"https:\/\/oasisfm935.com.ar\/site\/wp-json\/wp\/v2\/media?parent=6463"}],"wp:term":[{"taxonomy":"category","embeddable":true,"href":"https:\/\/oasisfm935.com.ar\/site\/wp-json\/wp\/v2\/categories?post=6463"},{"taxonomy":"post_tag","embeddable":true,"href":"https:\/\/oasisfm935.com.ar\/site\/wp-json\/wp\/v2\/tags?post=6463"}],"curies":[{"name":"wp","href":"https:\/\/api.w.org\/{rel}","templated":true}]}}