{"id":6471,"date":"2020-08-26T13:07:08","date_gmt":"2020-08-26T16:07:08","guid":{"rendered":"http:\/\/oasisfm935.com\/site\/?p=6471"},"modified":"2020-08-26T13:08:28","modified_gmt":"2020-08-26T16:08:28","slug":"la-pampa-covid-19-todas-las-muestras-analizadas-resultaron-negativas","status":"publish","type":"post","link":"https:\/\/oasisfm935.com.ar\/site\/la-pampa-covid-19-todas-las-muestras-analizadas-resultaron-negativas\/","title":{"rendered":"La Pampa COVID-19: Todas las muestras analizadas resultaron negativas"},"content":{"rendered":"<p class=\"lead nota-detalle-bajada\">El Gobierno de la provincia de La Pampa a trav\u00e9s del Ministerio de Salud comunica que, en horas de la ma\u00f1ana del 26 de agosto se finaliz\u00f3 con el procesamiento de 18 muestras, en los laboratorios de Bacteriolog\u00eda del Hospital Lucio Molas, del Hospital Gobernador Centeno y de la Direcci\u00f3n de Epidemiolog\u00eda, en donde todas resultaron negativas para COVID-19. Adem\u00e1s, hoy se han recuperado dos personas pertenecientes a la localidad de Santa Rosa.<\/p>\n<div class=\"nota-detalle-cuerpo\">\n<p><strong>Situaci\u00f3n Provincial<\/strong><\/p>\n<p>Desde el inicio de la pandemia\u00a0en la Provincia, se registraron un total 189 casos positivos para COVID-19, de los cuales 11 permanecen activos, 1 ha fallecido\u00a0y 177 se han recuperado. Los casos confirmados activos est\u00e1n distribuidos de la siguiente manera: 3 en la ciudad de Santa Rosa, 4 en General Pico, 2 en Catril\u00f3, 1 en Macach\u00edn y 1 en Guatrach\u00e9.<br \/>\nLos contactos estrechos de los casos confirmados son 41 y se encuentran cumpliendo aislamiento estricto, los mismos son monitoreados por personal de Salud.<br \/>\nAl d\u00eda de la fecha se les ha tomado muestra a trav\u00e9s del hisopado nasofar\u00edngeo en La Pampa a 2995 personas.<br \/>\nSe encuentran internadas un total de 3 personas confirmadas para COVID-19.\u00a0 En General Pico\u00a0en el Hospital Gobernador Centeno una sola persona en terapia intensiva y\u00a0en el Centro Emergente de Asistencia Respiratoria de la localidad de Santa Rosa, se encuentran internadas 2 personas, 1 en Terapia Intensiva y 1 en Cl\u00ednica M\u00e9dica.<\/p>\n<p>Aclaraci\u00f3n sobre la carga de casos confirmados en el Reporte Nacional: es importante aclarar que existe una diferencia de casos confirmados entre el Reporte Provincial y el Nacional ya que se asisten y notifican pacientes que viven en otras provincias que tienen domicilio legal (el que figura en el DNI) en la provincia de La Pampa.<\/p>\n<\/div>\n<div class=\"oasis-despues-del-contenido\" id=\"oasis-2194742888\"><img loading=\"lazy\" decoding=\"async\" src=\"https:\/\/oasisfm935.com.ar\/site\/wp-content\/uploads\/2020\/08\/47806202-8741-49f2-a5c9-d2f930e5baa1.jpg\" alt=\"\"  srcset=\"https:\/\/oasisfm935.com.ar\/site\/wp-content\/uploads\/2020\/08\/47806202-8741-49f2-a5c9-d2f930e5baa1.jpg 1080w, https:\/\/oasisfm935.com.ar\/site\/wp-content\/uploads\/2020\/08\/47806202-8741-49f2-a5c9-d2f930e5baa1-300x300.jpg 300w, https:\/\/oasisfm935.com.ar\/site\/wp-content\/uploads\/2020\/08\/47806202-8741-49f2-a5c9-d2f930e5baa1-1024x1024.jpg 1024w, https:\/\/oasisfm935.com.ar\/site\/wp-content\/uploads\/2020\/08\/47806202-8741-49f2-a5c9-d2f930e5baa1-150x150.jpg 150w, https:\/\/oasisfm935.com.ar\/site\/wp-content\/uploads\/2020\/08\/47806202-8741-49f2-a5c9-d2f930e5baa1-768x768.jpg 768w\" sizes=\"(max-width: 1080px) 100vw, 1080px\" class=\"no-lazyload\" width=\"1080\" height=\"1080\"  style=\"display: inline-block;\" \/><\/div>","protected":false},"excerpt":{"rendered":"<p>El Gobierno de la provincia de La Pampa a trav\u00e9s del Ministerio de Salud comunica que, en horas de la ma\u00f1ana del<\/p>\n","protected":false},"author":4,"featured_media":6472,"comment_status":"closed","ping_status":"open","sticky":false,"template":"","format":"standard","meta":{"colormag_page_layout":"default_layout","footnotes":""},"categories":[2],"tags":[],"class_list":["post-6471","post","type-post","status-publish","format-standard","has-post-thumbnail","hentry","category-noticias"],"_links":{"self":[{"href":"https:\/\/oasisfm935.com.ar\/site\/wp-json\/wp\/v2\/posts\/6471","targetHints":{"allow":["GET"]}}],"collection":[{"href":"https:\/\/oasisfm935.com.ar\/site\/wp-json\/wp\/v2\/posts"}],"about":[{"href":"https:\/\/oasisfm935.com.ar\/site\/wp-json\/wp\/v2\/types\/post"}],"author":[{"embeddable":true,"href":"https:\/\/oasisfm935.com.ar\/site\/wp-json\/wp\/v2\/users\/4"}],"replies":[{"embeddable":true,"href":"https:\/\/oasisfm935.com.ar\/site\/wp-json\/wp\/v2\/comments?post=6471"}],"version-history":[{"count":3,"href":"https:\/\/oasisfm935.com.ar\/site\/wp-json\/wp\/v2\/posts\/6471\/revisions"}],"predecessor-version":[{"id":6475,"href":"https:\/\/oasisfm935.com.ar\/site\/wp-json\/wp\/v2\/posts\/6471\/revisions\/6475"}],"wp:featuredmedia":[{"embeddable":true,"href":"https:\/\/oasisfm935.com.ar\/site\/wp-json\/wp\/v2\/media\/6472"}],"wp:attachment":[{"href":"https:\/\/oasisfm935.com.ar\/site\/wp-json\/wp\/v2\/media?parent=6471"}],"wp:term":[{"taxonomy":"category","embeddable":true,"href":"https:\/\/oasisfm935.com.ar\/site\/wp-json\/wp\/v2\/categories?post=6471"},{"taxonomy":"post_tag","embeddable":true,"href":"https:\/\/oasisfm935.com.ar\/site\/wp-json\/wp\/v2\/tags?post=6471"}],"curies":[{"name":"wp","href":"https:\/\/api.w.org\/{rel}","templated":true}]}}