{"id":6478,"date":"2020-08-26T19:17:46","date_gmt":"2020-08-26T22:17:46","guid":{"rendered":"http:\/\/oasisfm935.com\/site\/?p=6478"},"modified":"2020-08-26T19:18:02","modified_gmt":"2020-08-26T22:18:02","slug":"la-pampa-covid-19-un-nuevo-caso-confirmado-en-general-pico","status":"publish","type":"post","link":"https:\/\/oasisfm935.com.ar\/site\/la-pampa-covid-19-un-nuevo-caso-confirmado-en-general-pico\/","title":{"rendered":"La Pampa COVID-19: un nuevo caso confirmado en General Pico."},"content":{"rendered":"<p class=\"lead nota-detalle-bajada\">El Gobierno de la Provincia de La Pampa a trav\u00e9s del Ministerio de Salud comunica que, en horas de la tarde del 26 de agosto se finaliz\u00f3 con el procesamiento de 25 muestras, en los laboratorios de Bacteriolog\u00eda del Hospital Lucio Molas, del Hospital Gobernador Centeno y de la Direcci\u00f3n de Epidemiologia, de las cuales 1 result\u00f3 positiva para COVID-19.<\/p>\n<div class=\"nota-detalle-cuerpo\">\n<p>Se trata de un transportista de la localidad de General Pico que se encontraba en Escobar, provincia de Buenos Aires. Al regreso a la provincia de La Pampa y frente a la presencia de s\u00edntomas decidi\u00f3 consultar inmediatamente con el equipo de Salud, donde se le realiz\u00f3 el hisopado correspondiente, resultando positivo para coronavirus. No refiere contactos estrechos debido a que se manej\u00f3 con los protocolos correspondientes.<\/p>\n<p><b>Situaci\u00f3n\u00a0<\/b><b>p<\/b><b>rovincial<\/b><br \/>\nDesde el inicio de la pandemia, en nuestra provincia, se registraron un total 190 casos positivos para COVID-19, de los cuales 12 permanecen activos, 1 ha fallecido y 177 se han recuperado. Los casos confirmados activos est\u00e1n distribuidos de la siguiente manera: 3 en la ciudad de Santa Rosa, 5 en General Pico, 2 en Catril\u00f3, 1 Macach\u00edn y 1 en Guatrach\u00e9.<br \/>\nLos contactos estrechos de los casos confirmados son 41 y se encuentran cumpliendo aislamiento estricto, los mismos son monitoreados por personal de salud.<br \/>\nAl d\u00eda de la fecha se les ha tomado muestra a trav\u00e9s del hisopado nasofar\u00edngeo en La Pampa a 3020 personas.<br \/>\nSe encuentran internadas un total de 3 personas confirmadas para COVID-19. En General Pico en el Hospital Gobernador Centeno una sola persona en terapia intensiva y en el Centro Emergente de Asistencia Respiratoria de la localidad de Santa Rosa, se encuentran internadas 2 personas, 1 en Terapia Intensiva y 1 en cl\u00ednica m\u00e9dica.<\/p>\n<\/div>\n<div class=\"oasis-despues-del-contenido\" id=\"oasis-2589066658\"><img loading=\"lazy\" decoding=\"async\" src=\"https:\/\/oasisfm935.com.ar\/site\/wp-content\/uploads\/2020\/08\/47806202-8741-49f2-a5c9-d2f930e5baa1.jpg\" alt=\"\"  srcset=\"https:\/\/oasisfm935.com.ar\/site\/wp-content\/uploads\/2020\/08\/47806202-8741-49f2-a5c9-d2f930e5baa1.jpg 1080w, https:\/\/oasisfm935.com.ar\/site\/wp-content\/uploads\/2020\/08\/47806202-8741-49f2-a5c9-d2f930e5baa1-300x300.jpg 300w, https:\/\/oasisfm935.com.ar\/site\/wp-content\/uploads\/2020\/08\/47806202-8741-49f2-a5c9-d2f930e5baa1-1024x1024.jpg 1024w, https:\/\/oasisfm935.com.ar\/site\/wp-content\/uploads\/2020\/08\/47806202-8741-49f2-a5c9-d2f930e5baa1-150x150.jpg 150w, https:\/\/oasisfm935.com.ar\/site\/wp-content\/uploads\/2020\/08\/47806202-8741-49f2-a5c9-d2f930e5baa1-768x768.jpg 768w\" sizes=\"(max-width: 1080px) 100vw, 1080px\" class=\"no-lazyload\" width=\"1080\" height=\"1080\"  style=\"display: inline-block;\" \/><\/div>","protected":false},"excerpt":{"rendered":"<p>El Gobierno de la Provincia de La Pampa a trav\u00e9s del Ministerio de Salud comunica que, en horas de la tarde del<\/p>\n","protected":false},"author":4,"featured_media":6479,"comment_status":"closed","ping_status":"open","sticky":false,"template":"","format":"standard","meta":{"colormag_page_layout":"default_layout","footnotes":""},"categories":[2],"tags":[],"class_list":["post-6478","post","type-post","status-publish","format-standard","has-post-thumbnail","hentry","category-noticias"],"_links":{"self":[{"href":"https:\/\/oasisfm935.com.ar\/site\/wp-json\/wp\/v2\/posts\/6478","targetHints":{"allow":["GET"]}}],"collection":[{"href":"https:\/\/oasisfm935.com.ar\/site\/wp-json\/wp\/v2\/posts"}],"about":[{"href":"https:\/\/oasisfm935.com.ar\/site\/wp-json\/wp\/v2\/types\/post"}],"author":[{"embeddable":true,"href":"https:\/\/oasisfm935.com.ar\/site\/wp-json\/wp\/v2\/users\/4"}],"replies":[{"embeddable":true,"href":"https:\/\/oasisfm935.com.ar\/site\/wp-json\/wp\/v2\/comments?post=6478"}],"version-history":[{"count":1,"href":"https:\/\/oasisfm935.com.ar\/site\/wp-json\/wp\/v2\/posts\/6478\/revisions"}],"predecessor-version":[{"id":6480,"href":"https:\/\/oasisfm935.com.ar\/site\/wp-json\/wp\/v2\/posts\/6478\/revisions\/6480"}],"wp:featuredmedia":[{"embeddable":true,"href":"https:\/\/oasisfm935.com.ar\/site\/wp-json\/wp\/v2\/media\/6479"}],"wp:attachment":[{"href":"https:\/\/oasisfm935.com.ar\/site\/wp-json\/wp\/v2\/media?parent=6478"}],"wp:term":[{"taxonomy":"category","embeddable":true,"href":"https:\/\/oasisfm935.com.ar\/site\/wp-json\/wp\/v2\/categories?post=6478"},{"taxonomy":"post_tag","embeddable":true,"href":"https:\/\/oasisfm935.com.ar\/site\/wp-json\/wp\/v2\/tags?post=6478"}],"curies":[{"name":"wp","href":"https:\/\/api.w.org\/{rel}","templated":true}]}}