{"id":6483,"date":"2020-08-28T16:30:33","date_gmt":"2020-08-28T19:30:33","guid":{"rendered":"http:\/\/oasisfm935.com\/site\/?p=6483"},"modified":"2020-08-28T16:30:33","modified_gmt":"2020-08-28T19:30:33","slug":"hay-dos-nuevos-casos-de-coronavirus-en-la-pampa","status":"publish","type":"post","link":"https:\/\/oasisfm935.com.ar\/site\/hay-dos-nuevos-casos-de-coronavirus-en-la-pampa\/","title":{"rendered":"Hay dos nuevos casos de coronavirus en La Pampa"},"content":{"rendered":"<p><strong>El Ministerio de Salud inform\u00f3 que hay otros dos positivos de coronavirus en La Pampa<\/strong>. Uno de los pacientes vive en Colonia Julia y Echarren (en R\u00edo Colorado, R\u00edo Negro), lugar donde se produjo el contagio. La persona tiene domicilio en La Adela, motivo por el cual las autoridades sanitarias pampeanas hicieron el traslado del paciente desde la provincia de R\u00edo Negro al Centro de Enfermedades de Asistencia Respiratorias en la ciudad de Santa Rosa, debido a que presentaba dificultad respiratoria. Ahora se encuentra en terapia intensiva y las autoridades est\u00e1n tratando de establecer sus contactos estrechos.<\/p>\n<p>El otro caso confirmado es un contacto estrecho del caso positivo informado d\u00edas atr\u00e1s pertenecientes a la localidad de Guatrach\u00e9.<\/p>\n<p>Esta persona no refiere contactos estrechos, debido a que se encontraba cumpliendo estricto aislamiento.<\/p>\n<p>Desde el inicio de la pandemia se registraron un total 192 casos positivos para Covid-19, de los cuales 13 permanecen activos, una ha fallecido y 178 se han recuperado.<\/p>\n<p>Los casos confirmados activos est\u00e1n distribuidos de la siguiente manera: cinco en Pico, dos en Santa Rosa, dos en Catril\u00f3, dos en Guatrach\u00e9, uno en Macach\u00edn y uno La Adela.<\/p>\n<p>Los contactos estrechos de los casos confirmados son 27 y se encuentran cumpliendo aislamiento estricto.<\/p>\n<p>Seg\u00fan comunic\u00f3 Salud, al d\u00eda de la fecha se les ha tomado muestra a trav\u00e9s del hisopado nasofar\u00edngeo en La Pampa a 3.074 personas.<\/p>\n<p>Se encuentran internadas un total de cinco personas confirmadas para Covid-19. \u00abEn General Pico, en el Hospital Gobernador Centeno dos personas, una en terapia intensiva y una en cl\u00ednica m\u00e9dica. En el Centro Emergente de Asistencia Respiratoria de la ciudad de Santa Rosa se encuentran internadas tres personas, dos de ellas en terapia intensiva y una en cl\u00ednica m\u00e9dica\u00bb, comunic\u00f3 Salud.<\/p>\n<div class=\"oasis-despues-del-contenido\" id=\"oasis-2538551759\"><img loading=\"lazy\" decoding=\"async\" src=\"https:\/\/oasisfm935.com.ar\/site\/wp-content\/uploads\/2020\/08\/47806202-8741-49f2-a5c9-d2f930e5baa1.jpg\" alt=\"\"  srcset=\"https:\/\/oasisfm935.com.ar\/site\/wp-content\/uploads\/2020\/08\/47806202-8741-49f2-a5c9-d2f930e5baa1.jpg 1080w, https:\/\/oasisfm935.com.ar\/site\/wp-content\/uploads\/2020\/08\/47806202-8741-49f2-a5c9-d2f930e5baa1-300x300.jpg 300w, https:\/\/oasisfm935.com.ar\/site\/wp-content\/uploads\/2020\/08\/47806202-8741-49f2-a5c9-d2f930e5baa1-1024x1024.jpg 1024w, https:\/\/oasisfm935.com.ar\/site\/wp-content\/uploads\/2020\/08\/47806202-8741-49f2-a5c9-d2f930e5baa1-150x150.jpg 150w, https:\/\/oasisfm935.com.ar\/site\/wp-content\/uploads\/2020\/08\/47806202-8741-49f2-a5c9-d2f930e5baa1-768x768.jpg 768w\" sizes=\"(max-width: 1080px) 100vw, 1080px\" class=\"no-lazyload\" width=\"1080\" height=\"1080\"  style=\"display: inline-block;\" \/><\/div>","protected":false},"excerpt":{"rendered":"<p>El Ministerio de Salud inform\u00f3 que hay otros dos positivos de coronavirus en La Pampa. Uno de los pacientes vive en Colonia<\/p>\n","protected":false},"author":4,"featured_media":6484,"comment_status":"closed","ping_status":"open","sticky":false,"template":"","format":"standard","meta":{"colormag_page_layout":"default_layout","footnotes":""},"categories":[2],"tags":[],"class_list":["post-6483","post","type-post","status-publish","format-standard","has-post-thumbnail","hentry","category-noticias"],"_links":{"self":[{"href":"https:\/\/oasisfm935.com.ar\/site\/wp-json\/wp\/v2\/posts\/6483","targetHints":{"allow":["GET"]}}],"collection":[{"href":"https:\/\/oasisfm935.com.ar\/site\/wp-json\/wp\/v2\/posts"}],"about":[{"href":"https:\/\/oasisfm935.com.ar\/site\/wp-json\/wp\/v2\/types\/post"}],"author":[{"embeddable":true,"href":"https:\/\/oasisfm935.com.ar\/site\/wp-json\/wp\/v2\/users\/4"}],"replies":[{"embeddable":true,"href":"https:\/\/oasisfm935.com.ar\/site\/wp-json\/wp\/v2\/comments?post=6483"}],"version-history":[{"count":1,"href":"https:\/\/oasisfm935.com.ar\/site\/wp-json\/wp\/v2\/posts\/6483\/revisions"}],"predecessor-version":[{"id":6485,"href":"https:\/\/oasisfm935.com.ar\/site\/wp-json\/wp\/v2\/posts\/6483\/revisions\/6485"}],"wp:featuredmedia":[{"embeddable":true,"href":"https:\/\/oasisfm935.com.ar\/site\/wp-json\/wp\/v2\/media\/6484"}],"wp:attachment":[{"href":"https:\/\/oasisfm935.com.ar\/site\/wp-json\/wp\/v2\/media?parent=6483"}],"wp:term":[{"taxonomy":"category","embeddable":true,"href":"https:\/\/oasisfm935.com.ar\/site\/wp-json\/wp\/v2\/categories?post=6483"},{"taxonomy":"post_tag","embeddable":true,"href":"https:\/\/oasisfm935.com.ar\/site\/wp-json\/wp\/v2\/tags?post=6483"}],"curies":[{"name":"wp","href":"https:\/\/api.w.org\/{rel}","templated":true}]}}