{"id":6486,"date":"2020-08-28T21:18:28","date_gmt":"2020-08-29T00:18:28","guid":{"rendered":"http:\/\/oasisfm935.com\/site\/?p=6486"},"modified":"2020-08-28T21:18:51","modified_gmt":"2020-08-29T00:18:51","slug":"tres-nuevos-casos-confirmados-de-coronavirus-en-la-pampa-uno-de-ellos-en-general-pico-ahora-buscan-su-origen-y-los-contactos-estrechos","status":"publish","type":"post","link":"https:\/\/oasisfm935.com.ar\/site\/tres-nuevos-casos-confirmados-de-coronavirus-en-la-pampa-uno-de-ellos-en-general-pico-ahora-buscan-su-origen-y-los-contactos-estrechos\/","title":{"rendered":"Tres nuevos casos confirmados de Coronavirus en La Pampa, uno de ellos en General Pico: Ahora buscan su origen y los contactos estrechos."},"content":{"rendered":"<p>El Gobierno de la Provincia de La Pampa, a trav\u00e9s del Ministerio de Salud, comunic\u00f3 que en horas de la tarde se finaliz\u00f3 con el procesamiento de 9 muestras, en los laboratorios de Bacteriolog\u00eda del Hospital Lucio Molas, del Hospital Gobernador Centeno y de la Direcci\u00f3n de Epidemiolog\u00eda.<\/p>\n<p>En este caso, tres resultaron positivas para COVID-19. Dos personas residen en Santa Rosa y una en General Pico. Se est\u00e1 trabajando en la investigaci\u00f3n epidemiologia para establecer la fuente de contagio y los contactos estrechos.<\/p>\n<p><strong>Programa B\u00fasqueda Activa<\/strong><\/p>\n<p>Las muestras nasofar\u00edngeas tomadas ayer a personas con s\u00edntomas compatibles con COVID-19 en General Pico y Santa Rosa, a trav\u00e9s del Programa B\u00fasqueda Activa, resultaron negativas.<\/p>\n<p>En el d\u00eda de hoy la B\u00fasqueda Activa de casos se llev\u00f3 adelante en Zona Norte, Santa Rosa, donde se visitaron 524 viviendas y se monitoreo a 1850 personas, siempre en el marco de la detecci\u00f3n temprana de signos y s\u00edntomas compatibles con COVID-19.<\/p>\n<p>No se realiz\u00f3 ning\u00fan hisopado, ya que no se encontraron pacientes sintom\u00e1ticos. Adem\u00e1s se interrog\u00f3 sobre calendario de vacunas y falta de medicaci\u00f3n en patolog\u00edas cr\u00f3nicas.<\/p>\n<p>En esta b\u00fasqueda, tambi\u00e9n se indag\u00f3 sobre pacientes que no hayan podido tener acceso al centro de salud por diferentes motivos, lo cual arrojo resultados negativos, mostrando un trabajo responsable y volcado a la comunidad.<\/p>\n<p><strong>Situaci\u00f3n de La Pampa<\/strong><\/p>\n<p>Desde el inicio de la pandemia, en nuestra provincia, se registraron un total 195 casos positivos para COVID-19, de los cuales 15 permanecen activos, 1 ha fallecido y 179 se han recuperado, entre ellos el paciente de la localidad de Macach\u00edn.<\/p>\n<p>Los casos confirmados activos est\u00e1n distribuidos de la siguiente manera: cuatro en la ciudad de Santa Rosa, seis en General Pico, dos en Catril\u00f3, dos en Guatrach\u00e9 y una La Adela.<\/p>\n<p><strong>Contactos estrechos<\/strong><\/p>\n<p>Los contactos estrechos de los casos confirmados son 59 y se encuentran cumpliendo aislamiento estricto, los mismos son monitoreados por personal de salud.<\/p>\n<p>Al d\u00eda de la fecha se les ha tomado muestra a trav\u00e9s del hisopado nasofar\u00edngeo en La Pampa a 3.082 personas.<\/p>\n<p><strong>Internados<\/strong><\/p>\n<p>Se encuentran internadas un total de cinco personas confirmadas para COVID-19. En General Pico, en el Hospital Gobernador Centeno dos personas, una en terapia intensiva y una en cl\u00ednica m\u00e9dica.<\/p>\n<p>En el Centro Emergente de Asistencia Respiratoria, de la ciudad de Santa Rosa, se encuentran internadas tres personas, dos de ellas en terapia intensiva y una en cl\u00ednica m\u00e9dica<\/p>\n<div class=\"oasis-despues-del-contenido\" id=\"oasis-1948057037\"><img loading=\"lazy\" decoding=\"async\" src=\"https:\/\/oasisfm935.com.ar\/site\/wp-content\/uploads\/2020\/08\/47806202-8741-49f2-a5c9-d2f930e5baa1.jpg\" alt=\"\"  srcset=\"https:\/\/oasisfm935.com.ar\/site\/wp-content\/uploads\/2020\/08\/47806202-8741-49f2-a5c9-d2f930e5baa1.jpg 1080w, https:\/\/oasisfm935.com.ar\/site\/wp-content\/uploads\/2020\/08\/47806202-8741-49f2-a5c9-d2f930e5baa1-300x300.jpg 300w, https:\/\/oasisfm935.com.ar\/site\/wp-content\/uploads\/2020\/08\/47806202-8741-49f2-a5c9-d2f930e5baa1-1024x1024.jpg 1024w, https:\/\/oasisfm935.com.ar\/site\/wp-content\/uploads\/2020\/08\/47806202-8741-49f2-a5c9-d2f930e5baa1-150x150.jpg 150w, https:\/\/oasisfm935.com.ar\/site\/wp-content\/uploads\/2020\/08\/47806202-8741-49f2-a5c9-d2f930e5baa1-768x768.jpg 768w\" sizes=\"(max-width: 1080px) 100vw, 1080px\" class=\"no-lazyload\" width=\"1080\" height=\"1080\"  style=\"display: inline-block;\" \/><\/div>","protected":false},"excerpt":{"rendered":"<p>El Gobierno de la Provincia de La Pampa, a trav\u00e9s del Ministerio de Salud, comunic\u00f3 que en horas de la tarde se<\/p>\n","protected":false},"author":4,"featured_media":6487,"comment_status":"closed","ping_status":"open","sticky":false,"template":"","format":"standard","meta":{"colormag_page_layout":"default_layout","footnotes":""},"categories":[2],"tags":[],"class_list":["post-6486","post","type-post","status-publish","format-standard","has-post-thumbnail","hentry","category-noticias"],"_links":{"self":[{"href":"https:\/\/oasisfm935.com.ar\/site\/wp-json\/wp\/v2\/posts\/6486","targetHints":{"allow":["GET"]}}],"collection":[{"href":"https:\/\/oasisfm935.com.ar\/site\/wp-json\/wp\/v2\/posts"}],"about":[{"href":"https:\/\/oasisfm935.com.ar\/site\/wp-json\/wp\/v2\/types\/post"}],"author":[{"embeddable":true,"href":"https:\/\/oasisfm935.com.ar\/site\/wp-json\/wp\/v2\/users\/4"}],"replies":[{"embeddable":true,"href":"https:\/\/oasisfm935.com.ar\/site\/wp-json\/wp\/v2\/comments?post=6486"}],"version-history":[{"count":1,"href":"https:\/\/oasisfm935.com.ar\/site\/wp-json\/wp\/v2\/posts\/6486\/revisions"}],"predecessor-version":[{"id":6488,"href":"https:\/\/oasisfm935.com.ar\/site\/wp-json\/wp\/v2\/posts\/6486\/revisions\/6488"}],"wp:featuredmedia":[{"embeddable":true,"href":"https:\/\/oasisfm935.com.ar\/site\/wp-json\/wp\/v2\/media\/6487"}],"wp:attachment":[{"href":"https:\/\/oasisfm935.com.ar\/site\/wp-json\/wp\/v2\/media?parent=6486"}],"wp:term":[{"taxonomy":"category","embeddable":true,"href":"https:\/\/oasisfm935.com.ar\/site\/wp-json\/wp\/v2\/categories?post=6486"},{"taxonomy":"post_tag","embeddable":true,"href":"https:\/\/oasisfm935.com.ar\/site\/wp-json\/wp\/v2\/tags?post=6486"}],"curies":[{"name":"wp","href":"https:\/\/api.w.org\/{rel}","templated":true}]}}