{"id":649,"date":"2019-02-04T22:30:16","date_gmt":"2019-02-05T01:30:16","guid":{"rendered":"http:\/\/oasisfm935.com\/site\/?p=649"},"modified":"2019-02-04T22:30:16","modified_gmt":"2019-02-05T01:30:16","slug":"sin-tarifa-social-alonso-dijo-que-en-breve-habra-una-alternativa","status":"publish","type":"post","link":"https:\/\/oasisfm935.com.ar\/site\/sin-tarifa-social-alonso-dijo-que-en-breve-habra-una-alternativa\/","title":{"rendered":"Sin tarifa social: Alonso dijo que en breve habr\u00e1 una alternativa"},"content":{"rendered":"<p>La ministra de Desarrollo Social, Fernanda Alonso, asegur\u00f3 que\u00a0<strong>en los pr\u00f3ximos d\u00edas se informar\u00e1 a la poblaci\u00f3n pampeana, c\u00f3mo se podr\u00e1 acceder a la tarifa social en nuestra provincia<\/strong>, luego que el Gobierno Nacional la eliminara tras la quita de subsidios.<\/p>\n<p>\u201cEstamos llevando a cabo\u00a0<strong>reuniones para buscar una alternativa por la eliminaci\u00f3n de la tarifa social. Seguimos trabajando sobre una base de datos referidos a la tarifa el\u00e9ctrica por lo que buscamos una alternativa para aquellos que van a sufrir impacto<\/strong>en esto y en la quita de la tarifa social\u201d, expres\u00f3 la funcionaria provincial, luego de un encuentro con el intendente de General Pico, Juan Jos\u00e9 Rainone y el candidato a gobernador por el FreJuPa, Sergio Ziliotto, en esa ciudad del norte pampeano.<\/p>\n<p>Alonso confirm\u00f3 que\u00a0<strong>en pocos d\u00edas se anunciar\u00e1 la metodolog\u00eda de trabajo con la gente para poder acceder a esta tarifa social,<\/strong>\u00a0luego que a principios de este a\u00f1o, el\u00a0<strong>Gobierno Nacional anunci\u00f3 la eliminaci\u00f3n en todo el pa\u00eds y que en nuestra provincia inclu\u00eda a unas 30 mil familias.<\/strong><\/p>\n<p>&nbsp;<\/p>\n<p><strong>Encuentro<\/strong><\/p>\n<p>Luego de la reuni\u00f3n entre Rainone, Alonso y Ziliotto, se llev\u00f3 una conferencia de prensa en la que declararon sobre diferentes cuestiones, destac\u00e1ndose entre ellas l<strong>a quita de subsidios del transporte por parte del Gobierno Nacional, la industrializaci\u00f3n de la econom\u00eda pampeana, construcci\u00f3n de viviendas y acompa\u00f1amiento social.<\/strong><\/p>\n<p>Rainone expres\u00f3: \u201cEstuvimos trabajando desde temprano con una serie de temas que tienen que ver con el funcionamiento del municipio y una serie de acciones que se generan por el v\u00ednculo permanente con el Gobierno Provincial, bajo el objetivo de tratar diferentes problem\u00e1ticas en la realidad de nuestra querida ciudad. Son temas de actualidad en la ciudadan\u00eda luego de los ajustes realizados por Naci\u00f3n\u201d.<\/p>\n<p>Sobre las reuniones llevadas a cabo entre\u00a0<strong>el municipio y Corpico por la tarifa del boleto del transporte urbano de pasajeros en la ciudad, el intendente respondi\u00f3: \u201cEstamos trabajando al respecto, definiendo a trav\u00e9s de simulaciones que realizamos con la cooperativa\u201d.<\/strong><\/p>\n<p>Y a\u00f1adi\u00f3 que se evaluar\u00e1 el impacto del piquense en su bolsillo de la menor manera posible. \u201cTambi\u00e9n queremos continuar asegurando el boleto estudiantil gratuito, el pasaje de discapacidad y de adultos mayores\u201d, afirm\u00f3.<\/p>\n<p>&nbsp;<\/p>\n<p><strong>Ejes<\/strong><\/p>\n<p>Sergio Ziliotto habl\u00f3 de\u00a0<strong>dos ejes importantes para el Gobierno de La Pampa como lo son la construcci\u00f3n de viviendas y la transformaci\u00f3n de la matriz productiva camino hacia la industrializaci\u00f3n.<\/strong><\/p>\n<p>\u201cEl gran esfuerzo presupuestario estar\u00e1 apuntando a\u00a0<strong>apoyar la producci\u00f3n y generar trabajo, con el fin de dar m\u00e1s dignidad a los pampeanos a partir de su vivienda propia.<\/strong>\u00a0Vamos a utilizar la deuda que el Gobierno nacional tiene con los pampeanos para la construcci\u00f3n de viviendas. Asumiremos la responsabilidad de lo que dej\u00f3 de hacer el presidente Mauricio Macri hace tres a\u00f1os\u201d, asegur\u00f3.<\/p>\n<p>Ziliotto remarc\u00f3: \u201c<strong>El eje central tambi\u00e9n es poner la econom\u00eda de la provincia en marcha. Tenemos un di\u00e1logo continuo con empresarios del medio. De la crisis se sale trabajando<\/strong>, por eso le decimos a los empresarios que uno de los grandes esfuerzos presupuestarios estar\u00e1 en poner en marcha toda la econom\u00eda de la provincia. Estamos transitando el camino de transformar la matriz productiva de La Pampa\u201d.<\/p>\n<div class=\"oasis-despues-del-contenido\" id=\"oasis-993422562\"><img loading=\"lazy\" decoding=\"async\" src=\"https:\/\/oasisfm935.com.ar\/site\/wp-content\/uploads\/2020\/08\/47806202-8741-49f2-a5c9-d2f930e5baa1.jpg\" alt=\"\"  srcset=\"https:\/\/oasisfm935.com.ar\/site\/wp-content\/uploads\/2020\/08\/47806202-8741-49f2-a5c9-d2f930e5baa1.jpg 1080w, https:\/\/oasisfm935.com.ar\/site\/wp-content\/uploads\/2020\/08\/47806202-8741-49f2-a5c9-d2f930e5baa1-300x300.jpg 300w, https:\/\/oasisfm935.com.ar\/site\/wp-content\/uploads\/2020\/08\/47806202-8741-49f2-a5c9-d2f930e5baa1-1024x1024.jpg 1024w, https:\/\/oasisfm935.com.ar\/site\/wp-content\/uploads\/2020\/08\/47806202-8741-49f2-a5c9-d2f930e5baa1-150x150.jpg 150w, https:\/\/oasisfm935.com.ar\/site\/wp-content\/uploads\/2020\/08\/47806202-8741-49f2-a5c9-d2f930e5baa1-768x768.jpg 768w\" sizes=\"(max-width: 1080px) 100vw, 1080px\" class=\"no-lazyload\" width=\"1080\" height=\"1080\"  style=\"display: inline-block;\" \/><\/div>","protected":false},"excerpt":{"rendered":"<p>La ministra de Desarrollo Social, Fernanda Alonso, asegur\u00f3 que\u00a0en los pr\u00f3ximos d\u00edas se informar\u00e1 a la poblaci\u00f3n pampeana, c\u00f3mo se podr\u00e1 acceder<\/p>\n","protected":false},"author":4,"featured_media":650,"comment_status":"closed","ping_status":"open","sticky":false,"template":"","format":"standard","meta":{"colormag_page_layout":"default_layout","footnotes":""},"categories":[2],"tags":[],"class_list":["post-649","post","type-post","status-publish","format-standard","has-post-thumbnail","hentry","category-noticias"],"_links":{"self":[{"href":"https:\/\/oasisfm935.com.ar\/site\/wp-json\/wp\/v2\/posts\/649","targetHints":{"allow":["GET"]}}],"collection":[{"href":"https:\/\/oasisfm935.com.ar\/site\/wp-json\/wp\/v2\/posts"}],"about":[{"href":"https:\/\/oasisfm935.com.ar\/site\/wp-json\/wp\/v2\/types\/post"}],"author":[{"embeddable":true,"href":"https:\/\/oasisfm935.com.ar\/site\/wp-json\/wp\/v2\/users\/4"}],"replies":[{"embeddable":true,"href":"https:\/\/oasisfm935.com.ar\/site\/wp-json\/wp\/v2\/comments?post=649"}],"version-history":[{"count":1,"href":"https:\/\/oasisfm935.com.ar\/site\/wp-json\/wp\/v2\/posts\/649\/revisions"}],"predecessor-version":[{"id":651,"href":"https:\/\/oasisfm935.com.ar\/site\/wp-json\/wp\/v2\/posts\/649\/revisions\/651"}],"wp:featuredmedia":[{"embeddable":true,"href":"https:\/\/oasisfm935.com.ar\/site\/wp-json\/wp\/v2\/media\/650"}],"wp:attachment":[{"href":"https:\/\/oasisfm935.com.ar\/site\/wp-json\/wp\/v2\/media?parent=649"}],"wp:term":[{"taxonomy":"category","embeddable":true,"href":"https:\/\/oasisfm935.com.ar\/site\/wp-json\/wp\/v2\/categories?post=649"},{"taxonomy":"post_tag","embeddable":true,"href":"https:\/\/oasisfm935.com.ar\/site\/wp-json\/wp\/v2\/tags?post=649"}],"curies":[{"name":"wp","href":"https:\/\/api.w.org\/{rel}","templated":true}]}}