{"id":6496,"date":"2020-08-29T19:59:10","date_gmt":"2020-08-29T22:59:10","guid":{"rendered":"http:\/\/oasisfm935.com\/site\/?p=6496"},"modified":"2020-08-29T20:00:13","modified_gmt":"2020-08-29T23:00:13","slug":"la-pampa-confirman-dos-nuevos-casos-y-aislan-a-108-personas","status":"publish","type":"post","link":"https:\/\/oasisfm935.com.ar\/site\/la-pampa-confirman-dos-nuevos-casos-y-aislan-a-108-personas\/","title":{"rendered":"La Pampa: Confirman dos nuevos casos y a\u00edslan a 108 personas."},"content":{"rendered":"<section id=\"g-container-main\" class=\"g-wrapper\">\n<div class=\"g-container\">\n<div class=\"g-grid\">\n<div class=\"g-block size-67\">\n<div class=\"g-grid\">\n<div class=\"g-block size-100 nomarginall nopaddingall py-2\">\n<div class=\"g-content\">\n<div class=\"platform-content\">\n<div class=\"moduletable \">\n<div role=\"navigation\" aria-label=\"Breadcrumbs\">\n<p>&nbsp;<\/p>\n<\/div>\n<\/div>\n<\/div>\n<\/div>\n<\/div>\n<\/div>\n<div class=\"g-grid\">\n<div class=\"g-block size-100 pre-content\">\n<div class=\"g-content\">\n<div class=\"platform-content row-fluid\">\n<div class=\"span12\">\n<div class=\"item-page\">\n<div>\n<p>Los dos contagiados de coronavirus son contactos estrechos del caso positivo detectado ayer en General Pico y se encontraban en \u00abestricto aislamiento\u00bb<\/p>\n<p>El Ministerio de Salud de La Pampa inform\u00f3 que de las 34 muestras analizadas en Santa Rosa y General Pico, dos dieron positivo.<\/p>\n<p>Los dos nuevos casos confirmados son contactos estrechos del positivo detectado ayer en General Pico y se encontraban cumpliendo estricto aislamiento.<\/p>\n<p>A partir del positivo de ayer, La Direcci\u00f3n de Epidemiolog\u00eda detect\u00f3 \u00a0108 contactos estrechos distribuidos en Santa Rosa, General Pico e Intendente Alvear.<\/p>\n<p>Todos fueron aislados y se encuentran bajo monitoreo permanente de las autoridades sanitarias.<\/p>\n<p>El gobierno no descarta la necesidad de aislar m\u00e1s personas y acent\u00faa la investigaci\u00f3n para detectar todos los contactos, aislarlos \u201ce intentar, de este modo, controlar la situaci\u00f3n\u201d, informaron<\/p>\n<p>Desde el inicio de la pandemia se registraron un total 197 casos positivos para COVID-19, de los cuales 16 permanecen activos, 1 ha fallecido y 180 se han recuperado, entre ellos se encuentra un paciente de la localidad de General Pico al que se le otorg\u00f3 el alta m\u00e9dica en el d\u00eda de hoy.<\/p>\n<p>Los casos confirmados activos est\u00e1n distribuidos de la siguiente manera: 7 en General Pico, 4 en Santa Rosa, 2 en Catril\u00f3, 2 en Guatrach\u00e9 y 1 en La Adela.<\/p>\n<p>Un total de 129 contactos estrechos siguen cumpliendo aislamiento. Al d\u00eda de la fecha se les ha tomado muestra a trav\u00e9s del hisopado nasofar\u00edngeo en La Pampa a 3.116 personas<\/p>\n<p>Permanecen internadas 5 personas en toda la provincia. En el Hospital Gobernador Centeno de General Pico hay 2 pacientes, uno en terapia intensiva, mientras que en el Centro Emergente de Asistencia Respiratoria de Santa Rosa, se encuentran internadas 3 personas, 2 de ellas en Terapia Intensiva y 1 en cl\u00ednica m\u00e9dica.<\/p>\n<\/div>\n<\/div>\n<\/div>\n<\/div>\n<\/div>\n<\/div>\n<\/div>\n<\/div>\n<\/div>\n<\/div>\n<\/section>\n<div class=\"oasis-despues-del-contenido\" id=\"oasis-1022256579\"><img loading=\"lazy\" decoding=\"async\" src=\"https:\/\/oasisfm935.com.ar\/site\/wp-content\/uploads\/2020\/08\/47806202-8741-49f2-a5c9-d2f930e5baa1.jpg\" alt=\"\"  srcset=\"https:\/\/oasisfm935.com.ar\/site\/wp-content\/uploads\/2020\/08\/47806202-8741-49f2-a5c9-d2f930e5baa1.jpg 1080w, https:\/\/oasisfm935.com.ar\/site\/wp-content\/uploads\/2020\/08\/47806202-8741-49f2-a5c9-d2f930e5baa1-300x300.jpg 300w, https:\/\/oasisfm935.com.ar\/site\/wp-content\/uploads\/2020\/08\/47806202-8741-49f2-a5c9-d2f930e5baa1-1024x1024.jpg 1024w, https:\/\/oasisfm935.com.ar\/site\/wp-content\/uploads\/2020\/08\/47806202-8741-49f2-a5c9-d2f930e5baa1-150x150.jpg 150w, https:\/\/oasisfm935.com.ar\/site\/wp-content\/uploads\/2020\/08\/47806202-8741-49f2-a5c9-d2f930e5baa1-768x768.jpg 768w\" sizes=\"(max-width: 1080px) 100vw, 1080px\" class=\"no-lazyload\" width=\"1080\" height=\"1080\"  style=\"display: inline-block;\" \/><\/div>","protected":false},"excerpt":{"rendered":"<p>&nbsp; Los dos contagiados de coronavirus son contactos estrechos del caso positivo detectado ayer en General Pico y se encontraban en \u00abestricto<\/p>\n","protected":false},"author":4,"featured_media":6497,"comment_status":"closed","ping_status":"open","sticky":false,"template":"","format":"standard","meta":{"colormag_page_layout":"default_layout","footnotes":""},"categories":[2],"tags":[],"class_list":["post-6496","post","type-post","status-publish","format-standard","has-post-thumbnail","hentry","category-noticias"],"_links":{"self":[{"href":"https:\/\/oasisfm935.com.ar\/site\/wp-json\/wp\/v2\/posts\/6496","targetHints":{"allow":["GET"]}}],"collection":[{"href":"https:\/\/oasisfm935.com.ar\/site\/wp-json\/wp\/v2\/posts"}],"about":[{"href":"https:\/\/oasisfm935.com.ar\/site\/wp-json\/wp\/v2\/types\/post"}],"author":[{"embeddable":true,"href":"https:\/\/oasisfm935.com.ar\/site\/wp-json\/wp\/v2\/users\/4"}],"replies":[{"embeddable":true,"href":"https:\/\/oasisfm935.com.ar\/site\/wp-json\/wp\/v2\/comments?post=6496"}],"version-history":[{"count":2,"href":"https:\/\/oasisfm935.com.ar\/site\/wp-json\/wp\/v2\/posts\/6496\/revisions"}],"predecessor-version":[{"id":6499,"href":"https:\/\/oasisfm935.com.ar\/site\/wp-json\/wp\/v2\/posts\/6496\/revisions\/6499"}],"wp:featuredmedia":[{"embeddable":true,"href":"https:\/\/oasisfm935.com.ar\/site\/wp-json\/wp\/v2\/media\/6497"}],"wp:attachment":[{"href":"https:\/\/oasisfm935.com.ar\/site\/wp-json\/wp\/v2\/media?parent=6496"}],"wp:term":[{"taxonomy":"category","embeddable":true,"href":"https:\/\/oasisfm935.com.ar\/site\/wp-json\/wp\/v2\/categories?post=6496"},{"taxonomy":"post_tag","embeddable":true,"href":"https:\/\/oasisfm935.com.ar\/site\/wp-json\/wp\/v2\/tags?post=6496"}],"curies":[{"name":"wp","href":"https:\/\/api.w.org\/{rel}","templated":true}]}}