{"id":6500,"date":"2020-08-30T11:27:05","date_gmt":"2020-08-30T14:27:05","guid":{"rendered":"http:\/\/oasisfm935.com\/site\/?p=6500"},"modified":"2020-08-30T11:27:05","modified_gmt":"2020-08-30T14:27:05","slug":"la-pampa-la-provincia-donde-alberto-tiene-la-mas-alta-imagen-positiva-79","status":"publish","type":"post","link":"https:\/\/oasisfm935.com.ar\/site\/la-pampa-la-provincia-donde-alberto-tiene-la-mas-alta-imagen-positiva-79\/","title":{"rendered":"La Pampa, la provincia donde Alberto tiene la m\u00e1s alta imagen positiva: 79%"},"content":{"rendered":"<p>En el marco de la gesti\u00f3n en la pandemia, los gobernadores de las 24 provincias, CABA y el presidente fueron evaluados en el \u00faltimo sondeo que realiz\u00f3 la Consultora CB.<\/p>\n<p>Hay dos datos salientes. En primer lugar,<strong>\u00a0La Pampa es la jurisdicci\u00f3n donde el presidente Alberto Fern\u00e1ndez tiene m\u00e1s alta imagen positiva: 79,6%<\/strong>. En la otra punta se encuentra Mendoza, con 40,7%.<\/p>\n<p>En segundo lugar,\u00a0<strong>Sergio Ziliotto se encuentra en el primer lote de gobernadores con mejor imagen: 64,7%<\/strong>\u00a0(con un leve descenso de la medici\u00f3n anterior, que se ubicaba en 65,2%).<\/p>\n<p><img decoding=\"async\" src=\"http:\/\/diariotextual.com\/inicio\/wp-content\/uploads\/2020\/08\/imagengobernadoresconsultoracbagosto2020-1.png\" \/><\/p>\n<p>El estudio se realiz\u00f3 a m\u00e1s de 18 mil argentinos mayores de 16 a\u00f1os, entre el 16 y el 21 de agosto de 2020.<\/p>\n<p>Seg\u00fan lo detallado por la consultora, \u201cen esta edici\u00f3n del estudio, pudimos deducir que cuatro l\u00edderes provinciales terminaron con una imagen positiva sobresaliente\u201d: Oscar Herrera Ahuad, de Misiones, con el 67.8%; Horacio Rodr\u00edguez Larreta, en CABA, con el 66,8%; Gustavo Vald\u00e9s, de Corrientes, con el 66,2% y Gildo Insfr\u00e1n, de Formosa, con el 66.1% de imagen positiva.<\/p>\n<p>Por otro lado, \u201cel gobernador peor calificado es Gerardo Morales, de Jujuy, con el 33.1% de imagen positiva\u201d, mientras que \u201cquien m\u00e1s aument\u00f3 su imagen positiva con respecto al mes anterior es Sergio U\u00f1ac, de San Juan, que aument\u00f3 13.4 puntos\u201d.<\/p>\n<p>\u201cEl Presidente AF posee su imagen positiva m\u00e1s alta en la provincia de La Pampa, con un 79,6%, y su imagen positiva m\u00e1s baja, en Mendoza, con el 40,7%\u201d, detallaron desde CB Consultora.<\/p>\n<p><img decoding=\"async\" src=\"http:\/\/diariotextual.com\/inicio\/wp-content\/uploads\/2020\/08\/imagengobernadoresconsultoracbagosto2020-2.png\" \/><\/p>\n<p>Finalmente, con respecto al mes anterior, el m\u00e1ximo mandatario aument\u00f3 su imagen positiva en Chaco, con 11,5 puntos porcentuales, mientras que \u201cen San Luis es donde m\u00e1s baj\u00f3 su imagen positiva con respecto a julio\u201d, sentenciaron desde la consultora.<\/p>\n<p>Diario Textual<\/p>\n<div class=\"oasis-despues-del-contenido\" id=\"oasis-2751260078\"><img loading=\"lazy\" decoding=\"async\" src=\"https:\/\/oasisfm935.com.ar\/site\/wp-content\/uploads\/2020\/08\/47806202-8741-49f2-a5c9-d2f930e5baa1.jpg\" alt=\"\"  srcset=\"https:\/\/oasisfm935.com.ar\/site\/wp-content\/uploads\/2020\/08\/47806202-8741-49f2-a5c9-d2f930e5baa1.jpg 1080w, https:\/\/oasisfm935.com.ar\/site\/wp-content\/uploads\/2020\/08\/47806202-8741-49f2-a5c9-d2f930e5baa1-300x300.jpg 300w, https:\/\/oasisfm935.com.ar\/site\/wp-content\/uploads\/2020\/08\/47806202-8741-49f2-a5c9-d2f930e5baa1-1024x1024.jpg 1024w, https:\/\/oasisfm935.com.ar\/site\/wp-content\/uploads\/2020\/08\/47806202-8741-49f2-a5c9-d2f930e5baa1-150x150.jpg 150w, https:\/\/oasisfm935.com.ar\/site\/wp-content\/uploads\/2020\/08\/47806202-8741-49f2-a5c9-d2f930e5baa1-768x768.jpg 768w\" sizes=\"(max-width: 1080px) 100vw, 1080px\" class=\"no-lazyload\" width=\"1080\" height=\"1080\"  style=\"display: inline-block;\" \/><\/div>","protected":false},"excerpt":{"rendered":"<p>En el marco de la gesti\u00f3n en la pandemia, los gobernadores de las 24 provincias, CABA y el presidente fueron evaluados en<\/p>\n","protected":false},"author":4,"featured_media":6501,"comment_status":"closed","ping_status":"open","sticky":false,"template":"","format":"standard","meta":{"colormag_page_layout":"default_layout","footnotes":""},"categories":[2],"tags":[],"class_list":["post-6500","post","type-post","status-publish","format-standard","has-post-thumbnail","hentry","category-noticias"],"_links":{"self":[{"href":"https:\/\/oasisfm935.com.ar\/site\/wp-json\/wp\/v2\/posts\/6500","targetHints":{"allow":["GET"]}}],"collection":[{"href":"https:\/\/oasisfm935.com.ar\/site\/wp-json\/wp\/v2\/posts"}],"about":[{"href":"https:\/\/oasisfm935.com.ar\/site\/wp-json\/wp\/v2\/types\/post"}],"author":[{"embeddable":true,"href":"https:\/\/oasisfm935.com.ar\/site\/wp-json\/wp\/v2\/users\/4"}],"replies":[{"embeddable":true,"href":"https:\/\/oasisfm935.com.ar\/site\/wp-json\/wp\/v2\/comments?post=6500"}],"version-history":[{"count":1,"href":"https:\/\/oasisfm935.com.ar\/site\/wp-json\/wp\/v2\/posts\/6500\/revisions"}],"predecessor-version":[{"id":6502,"href":"https:\/\/oasisfm935.com.ar\/site\/wp-json\/wp\/v2\/posts\/6500\/revisions\/6502"}],"wp:featuredmedia":[{"embeddable":true,"href":"https:\/\/oasisfm935.com.ar\/site\/wp-json\/wp\/v2\/media\/6501"}],"wp:attachment":[{"href":"https:\/\/oasisfm935.com.ar\/site\/wp-json\/wp\/v2\/media?parent=6500"}],"wp:term":[{"taxonomy":"category","embeddable":true,"href":"https:\/\/oasisfm935.com.ar\/site\/wp-json\/wp\/v2\/categories?post=6500"},{"taxonomy":"post_tag","embeddable":true,"href":"https:\/\/oasisfm935.com.ar\/site\/wp-json\/wp\/v2\/tags?post=6500"}],"curies":[{"name":"wp","href":"https:\/\/api.w.org\/{rel}","templated":true}]}}