{"id":6503,"date":"2020-08-30T20:44:29","date_gmt":"2020-08-30T23:44:29","guid":{"rendered":"http:\/\/oasisfm935.com\/site\/?p=6503"},"modified":"2020-08-30T20:44:29","modified_gmt":"2020-08-30T23:44:29","slug":"la-pampa-aislan-a-310-personas-y-dan-negativo-14-muestras","status":"publish","type":"post","link":"https:\/\/oasisfm935.com.ar\/site\/la-pampa-aislan-a-310-personas-y-dan-negativo-14-muestras\/","title":{"rendered":"La Pampa: A\u00edslan a 310 personas y dan negativo 14 muestras."},"content":{"rendered":"<div class=\"page-header\"><\/div>\n<div>\n<p>La provincia tuvo hoy un poco de alivio luego de dos d\u00edas consecutivos con casos positivos de coronavirus.<\/p>\n<p>El Ministerio de Salud de la provincia inform\u00f3 que las 14 muestras analizadas en los laboratorios de Bacteriolog\u00eda del Hospital Lucio Molas y de la Direcci\u00f3n de Epidemiologia, dieron negativo<\/p>\n<p>Hasta el momento 310 personas se encuentran aisladas por tener relaci\u00f3n con los casos confirmados de coronavirus en Santa Rosa y General Pico.<\/p>\n<p>Desde el inicio de la pandemia La Pampa tuvo 197 casos positivos, de los cuales 13 permanecen activos, uno ha fallecido y 183 se han recuperado.<\/p>\n<p>Hoy dieron de alta a dos pacientes, uno que estaba internado en General Pico y el otro en Santa Rosa<\/p>\n<p>Los casos confirmados activos est\u00e1n distribuidos en:\u00a0 cinco en General Pico, tres en Santa Rosa, dos en Catril\u00f3,\u00a0 dos en Guatrach\u00e9 y uno La Adela.<\/p>\n<p>Al d\u00eda de la fecha se les ha tomado muestra a trav\u00e9s del hisopado nasofar\u00edngeo a 3.130 personas<\/p>\n<p>Permanecen internadas cinco personas. Una en terapia intensiva en el Hospital Gobernador Centeno y una en cl\u00ednica m\u00e9dica, mientras que en el Centro Emergente de Asistencia Respiratoria de Santa Rosa, dos pacientes se encuentran en terapia intensiva y uno en cl\u00ednica m\u00e9dica.<\/p>\n<\/div>\n<div class=\"oasis-despues-del-contenido\" id=\"oasis-2579704056\"><img loading=\"lazy\" decoding=\"async\" src=\"https:\/\/oasisfm935.com.ar\/site\/wp-content\/uploads\/2020\/08\/47806202-8741-49f2-a5c9-d2f930e5baa1.jpg\" alt=\"\"  srcset=\"https:\/\/oasisfm935.com.ar\/site\/wp-content\/uploads\/2020\/08\/47806202-8741-49f2-a5c9-d2f930e5baa1.jpg 1080w, https:\/\/oasisfm935.com.ar\/site\/wp-content\/uploads\/2020\/08\/47806202-8741-49f2-a5c9-d2f930e5baa1-300x300.jpg 300w, https:\/\/oasisfm935.com.ar\/site\/wp-content\/uploads\/2020\/08\/47806202-8741-49f2-a5c9-d2f930e5baa1-1024x1024.jpg 1024w, https:\/\/oasisfm935.com.ar\/site\/wp-content\/uploads\/2020\/08\/47806202-8741-49f2-a5c9-d2f930e5baa1-150x150.jpg 150w, https:\/\/oasisfm935.com.ar\/site\/wp-content\/uploads\/2020\/08\/47806202-8741-49f2-a5c9-d2f930e5baa1-768x768.jpg 768w\" sizes=\"(max-width: 1080px) 100vw, 1080px\" class=\"no-lazyload\" width=\"1080\" height=\"1080\"  style=\"display: inline-block;\" \/><\/div>","protected":false},"excerpt":{"rendered":"<p>La provincia tuvo hoy un poco de alivio luego de dos d\u00edas consecutivos con casos positivos de coronavirus. El Ministerio de Salud<\/p>\n","protected":false},"author":4,"featured_media":6504,"comment_status":"closed","ping_status":"open","sticky":false,"template":"","format":"standard","meta":{"colormag_page_layout":"default_layout","footnotes":""},"categories":[2],"tags":[],"class_list":["post-6503","post","type-post","status-publish","format-standard","has-post-thumbnail","hentry","category-noticias"],"_links":{"self":[{"href":"https:\/\/oasisfm935.com.ar\/site\/wp-json\/wp\/v2\/posts\/6503","targetHints":{"allow":["GET"]}}],"collection":[{"href":"https:\/\/oasisfm935.com.ar\/site\/wp-json\/wp\/v2\/posts"}],"about":[{"href":"https:\/\/oasisfm935.com.ar\/site\/wp-json\/wp\/v2\/types\/post"}],"author":[{"embeddable":true,"href":"https:\/\/oasisfm935.com.ar\/site\/wp-json\/wp\/v2\/users\/4"}],"replies":[{"embeddable":true,"href":"https:\/\/oasisfm935.com.ar\/site\/wp-json\/wp\/v2\/comments?post=6503"}],"version-history":[{"count":1,"href":"https:\/\/oasisfm935.com.ar\/site\/wp-json\/wp\/v2\/posts\/6503\/revisions"}],"predecessor-version":[{"id":6505,"href":"https:\/\/oasisfm935.com.ar\/site\/wp-json\/wp\/v2\/posts\/6503\/revisions\/6505"}],"wp:featuredmedia":[{"embeddable":true,"href":"https:\/\/oasisfm935.com.ar\/site\/wp-json\/wp\/v2\/media\/6504"}],"wp:attachment":[{"href":"https:\/\/oasisfm935.com.ar\/site\/wp-json\/wp\/v2\/media?parent=6503"}],"wp:term":[{"taxonomy":"category","embeddable":true,"href":"https:\/\/oasisfm935.com.ar\/site\/wp-json\/wp\/v2\/categories?post=6503"},{"taxonomy":"post_tag","embeddable":true,"href":"https:\/\/oasisfm935.com.ar\/site\/wp-json\/wp\/v2\/tags?post=6503"}],"curies":[{"name":"wp","href":"https:\/\/api.w.org\/{rel}","templated":true}]}}