{"id":6515,"date":"2020-08-31T14:58:14","date_gmt":"2020-08-31T17:58:14","guid":{"rendered":"http:\/\/oasisfm935.com\/site\/?p=6515"},"modified":"2020-08-31T14:58:14","modified_gmt":"2020-08-31T17:58:14","slug":"productores-pampeanos-protestan-para-entrar-a-san-luis","status":"publish","type":"post","link":"https:\/\/oasisfm935.com.ar\/site\/productores-pampeanos-protestan-para-entrar-a-san-luis\/","title":{"rendered":"Productores pampeanos protestan para entrar a San Luis"},"content":{"rendered":"<p>Un importante n\u00famero de productores pampeanos se manifestaron en el l\u00edmite con la provincia de San Luis para reclamar el ingreso para desarrollar actividades agropecuarias.<\/p>\n<p>Desde\u00a0 varias localidades del norte provinciales, los productores pampeanos se sumaron a cordobeses y mendocinos que rechazan el cierre de fronteras que aplica San Luis.<\/p>\n<p>A dos meses de la llegada del gobernador Alberto Rodr\u00edguez S\u00e1a a La Pampa para firmar con el gobernador Sergio Ziliotto la libre circulaci\u00f3n entre ambas provincias, ahora un fuerte reclamo de los productores desata el conflicto por las restricciones.<\/p>\n<p>Los productores de C\u00f3rdoba, La Pampa y Mendoza se manifestaron en los l\u00edmites de las provincias: Arco de Justo Daract, de Casimiro G\u00f3mez y de Desaguadero para visibilizar el reclamo y firmar una carta dirigida al gobierno de San Luis con una propuesta de protocolo para poder ingresar a la provincia a trabajar en sus predios rurales. La situaci\u00f3n es critica ya que muchos denuncian no haber podido ingresar para atender sus animales ni levantar la cosecha.<\/p>\n<p>En la actualidad para ingresar a San Luis, se requiere, adem\u00e1s de la realizaci\u00f3n del PCR, una cuarentena de siete d\u00edas en hotel y un nuevo hisopado.<br \/>\nEl costo de ese tr\u00e1mite es entre $25.000 y $30.000. El conflicto comenz\u00f3 en abril y se fue profundizando a punto tal que lleg\u00f3 a la Corte Suprema de Justicia hace un mes<br \/>\nLa elevaci\u00f3n del caso la aplic\u00f3 el juez federal de R\u00edo Cuarto, Carlos Ochoa, quien fall\u00f3 a favor de los productores cordobeses que presentaron un amparo por \u00abviolaciones constitucionales\u00bb provocadas por el bloqueo de rutas y l\u00edmites interprovinciales y que incluyen el cierre de la ruta nacional 8, adem\u00e1s de una provincial y caminos rurales.<\/p>\n<div class=\"oasis-despues-del-contenido\" id=\"oasis-217593104\"><img loading=\"lazy\" decoding=\"async\" src=\"https:\/\/oasisfm935.com.ar\/site\/wp-content\/uploads\/2020\/08\/47806202-8741-49f2-a5c9-d2f930e5baa1.jpg\" alt=\"\"  srcset=\"https:\/\/oasisfm935.com.ar\/site\/wp-content\/uploads\/2020\/08\/47806202-8741-49f2-a5c9-d2f930e5baa1.jpg 1080w, https:\/\/oasisfm935.com.ar\/site\/wp-content\/uploads\/2020\/08\/47806202-8741-49f2-a5c9-d2f930e5baa1-300x300.jpg 300w, https:\/\/oasisfm935.com.ar\/site\/wp-content\/uploads\/2020\/08\/47806202-8741-49f2-a5c9-d2f930e5baa1-1024x1024.jpg 1024w, https:\/\/oasisfm935.com.ar\/site\/wp-content\/uploads\/2020\/08\/47806202-8741-49f2-a5c9-d2f930e5baa1-150x150.jpg 150w, https:\/\/oasisfm935.com.ar\/site\/wp-content\/uploads\/2020\/08\/47806202-8741-49f2-a5c9-d2f930e5baa1-768x768.jpg 768w\" sizes=\"(max-width: 1080px) 100vw, 1080px\" class=\"no-lazyload\" width=\"1080\" height=\"1080\"  style=\"display: inline-block;\" \/><\/div>","protected":false},"excerpt":{"rendered":"<p>Un importante n\u00famero de productores pampeanos se manifestaron en el l\u00edmite con la provincia de San Luis para reclamar el ingreso para<\/p>\n","protected":false},"author":4,"featured_media":6516,"comment_status":"closed","ping_status":"open","sticky":false,"template":"","format":"standard","meta":{"colormag_page_layout":"default_layout","footnotes":""},"categories":[2],"tags":[],"class_list":["post-6515","post","type-post","status-publish","format-standard","has-post-thumbnail","hentry","category-noticias"],"_links":{"self":[{"href":"https:\/\/oasisfm935.com.ar\/site\/wp-json\/wp\/v2\/posts\/6515","targetHints":{"allow":["GET"]}}],"collection":[{"href":"https:\/\/oasisfm935.com.ar\/site\/wp-json\/wp\/v2\/posts"}],"about":[{"href":"https:\/\/oasisfm935.com.ar\/site\/wp-json\/wp\/v2\/types\/post"}],"author":[{"embeddable":true,"href":"https:\/\/oasisfm935.com.ar\/site\/wp-json\/wp\/v2\/users\/4"}],"replies":[{"embeddable":true,"href":"https:\/\/oasisfm935.com.ar\/site\/wp-json\/wp\/v2\/comments?post=6515"}],"version-history":[{"count":1,"href":"https:\/\/oasisfm935.com.ar\/site\/wp-json\/wp\/v2\/posts\/6515\/revisions"}],"predecessor-version":[{"id":6517,"href":"https:\/\/oasisfm935.com.ar\/site\/wp-json\/wp\/v2\/posts\/6515\/revisions\/6517"}],"wp:featuredmedia":[{"embeddable":true,"href":"https:\/\/oasisfm935.com.ar\/site\/wp-json\/wp\/v2\/media\/6516"}],"wp:attachment":[{"href":"https:\/\/oasisfm935.com.ar\/site\/wp-json\/wp\/v2\/media?parent=6515"}],"wp:term":[{"taxonomy":"category","embeddable":true,"href":"https:\/\/oasisfm935.com.ar\/site\/wp-json\/wp\/v2\/categories?post=6515"},{"taxonomy":"post_tag","embeddable":true,"href":"https:\/\/oasisfm935.com.ar\/site\/wp-json\/wp\/v2\/tags?post=6515"}],"curies":[{"name":"wp","href":"https:\/\/api.w.org\/{rel}","templated":true}]}}