{"id":6518,"date":"2020-08-31T16:09:45","date_gmt":"2020-08-31T19:09:45","guid":{"rendered":"http:\/\/oasisfm935.com\/site\/?p=6518"},"modified":"2020-08-31T16:09:45","modified_gmt":"2020-08-31T19:09:45","slug":"coronavirus-en-la-pampa-4-nuevos-casos-positivos-dos-de-ellos-son-de-general-pico","status":"publish","type":"post","link":"https:\/\/oasisfm935.com.ar\/site\/coronavirus-en-la-pampa-4-nuevos-casos-positivos-dos-de-ellos-son-de-general-pico\/","title":{"rendered":"Coronavirus en La Pampa: 4 nuevos casos positivos, dos de ellos son de General Pico"},"content":{"rendered":"<p>Dos casos son de<strong>\u00a0General Pico, uno de 25 de Mayo y otro en Macach\u00ed<\/strong>n.\u00a0 Ya se estableci\u00f3 el lazo epidemiol\u00f3gico: dos son contactos estrechos y dos son importados. La Pampa lleg\u00f3 a los 201 casos de Covid-19.<\/p>\n<p>El Gobierno de la Provincia de La Pampa, a trav\u00e9s del Ministerio de Salud, comunic\u00f3 que en horas de la tarde de este martes se finaliz\u00f3 con el procesamiento de 11 muestras, en los laboratorios de Bacteriolog\u00eda del Hospital Lucio Molas, del Establecimiento Asistencial Gobernador Centeno y de la Direcci\u00f3n de Epidemiolog\u00eda, resultando 4 de ellas positivas.<\/p>\n<p>\u00abDos de las personas diagnosticadas residen en la ciudad de General Pico, una de 25 de Mayo y la cuarta de Macach\u00edn. En todos los casos se cuenta con nexo epidemiol\u00f3gico: dos por contacto estrecho con otro caso confirmado anteriormente y los otros dos son importados. Las personas se encuentran aisladas para evitar el contagio de la enfermedad\u00bb, se\u00f1al\u00f3 el informe sanitario.<\/p>\n<p>Situaci\u00f3n provincial<\/p>\n<p>Desde el inicio de la pandemia en la Provincia, se registraron un total de 201 casos positivos para COVID-19, de los cuales 17 permanecen activos, 1 ha fallecido y 183 se han recuperado, entre ellos se encuentran dos pacientes de la ciudad de General Pico y uno de la ciudad de Santa Rosa, a los que se le otorg\u00f3 el alta m\u00e9dica en el d\u00eda de hoy. Los casos confirmados activos est\u00e1n distribuidos de la siguiente manera: 3 en la ciudad de Santa Rosa, 7 en General Pico, 2 en Catril\u00f3, 2 en Guatrach\u00e9, 1 en La Adela, 1 en Macach\u00edn y 1 en 25 de Mayo.<\/p>\n<p>Se encuentran internadas un total de 5 personas confirmadas para COVID-19. En el Establecimiento Asistencial Gobernador Centeno de General Pico 2 personas, una en terapia intensiva y una en cl\u00ednica m\u00e9dica.<\/p>\n<div class=\"oasis-despues-del-contenido\" id=\"oasis-2418858114\"><img loading=\"lazy\" decoding=\"async\" src=\"https:\/\/oasisfm935.com.ar\/site\/wp-content\/uploads\/2020\/08\/47806202-8741-49f2-a5c9-d2f930e5baa1.jpg\" alt=\"\"  srcset=\"https:\/\/oasisfm935.com.ar\/site\/wp-content\/uploads\/2020\/08\/47806202-8741-49f2-a5c9-d2f930e5baa1.jpg 1080w, https:\/\/oasisfm935.com.ar\/site\/wp-content\/uploads\/2020\/08\/47806202-8741-49f2-a5c9-d2f930e5baa1-300x300.jpg 300w, https:\/\/oasisfm935.com.ar\/site\/wp-content\/uploads\/2020\/08\/47806202-8741-49f2-a5c9-d2f930e5baa1-1024x1024.jpg 1024w, https:\/\/oasisfm935.com.ar\/site\/wp-content\/uploads\/2020\/08\/47806202-8741-49f2-a5c9-d2f930e5baa1-150x150.jpg 150w, https:\/\/oasisfm935.com.ar\/site\/wp-content\/uploads\/2020\/08\/47806202-8741-49f2-a5c9-d2f930e5baa1-768x768.jpg 768w\" sizes=\"(max-width: 1080px) 100vw, 1080px\" class=\"no-lazyload\" width=\"1080\" height=\"1080\"  style=\"display: inline-block;\" \/><\/div>","protected":false},"excerpt":{"rendered":"<p>Dos casos son de\u00a0General Pico, uno de 25 de Mayo y otro en Macach\u00edn.\u00a0 Ya se estableci\u00f3 el lazo epidemiol\u00f3gico: dos son<\/p>\n","protected":false},"author":4,"featured_media":6519,"comment_status":"closed","ping_status":"open","sticky":false,"template":"","format":"standard","meta":{"colormag_page_layout":"default_layout","footnotes":""},"categories":[2],"tags":[],"class_list":["post-6518","post","type-post","status-publish","format-standard","has-post-thumbnail","hentry","category-noticias"],"_links":{"self":[{"href":"https:\/\/oasisfm935.com.ar\/site\/wp-json\/wp\/v2\/posts\/6518","targetHints":{"allow":["GET"]}}],"collection":[{"href":"https:\/\/oasisfm935.com.ar\/site\/wp-json\/wp\/v2\/posts"}],"about":[{"href":"https:\/\/oasisfm935.com.ar\/site\/wp-json\/wp\/v2\/types\/post"}],"author":[{"embeddable":true,"href":"https:\/\/oasisfm935.com.ar\/site\/wp-json\/wp\/v2\/users\/4"}],"replies":[{"embeddable":true,"href":"https:\/\/oasisfm935.com.ar\/site\/wp-json\/wp\/v2\/comments?post=6518"}],"version-history":[{"count":1,"href":"https:\/\/oasisfm935.com.ar\/site\/wp-json\/wp\/v2\/posts\/6518\/revisions"}],"predecessor-version":[{"id":6520,"href":"https:\/\/oasisfm935.com.ar\/site\/wp-json\/wp\/v2\/posts\/6518\/revisions\/6520"}],"wp:featuredmedia":[{"embeddable":true,"href":"https:\/\/oasisfm935.com.ar\/site\/wp-json\/wp\/v2\/media\/6519"}],"wp:attachment":[{"href":"https:\/\/oasisfm935.com.ar\/site\/wp-json\/wp\/v2\/media?parent=6518"}],"wp:term":[{"taxonomy":"category","embeddable":true,"href":"https:\/\/oasisfm935.com.ar\/site\/wp-json\/wp\/v2\/categories?post=6518"},{"taxonomy":"post_tag","embeddable":true,"href":"https:\/\/oasisfm935.com.ar\/site\/wp-json\/wp\/v2\/tags?post=6518"}],"curies":[{"name":"wp","href":"https:\/\/api.w.org\/{rel}","templated":true}]}}