{"id":6522,"date":"2020-08-31T17:23:43","date_gmt":"2020-08-31T20:23:43","guid":{"rendered":"http:\/\/oasisfm935.com\/site\/?p=6522"},"modified":"2020-08-31T17:31:36","modified_gmt":"2020-08-31T20:31:36","slug":"el-gobierno-anuncio-que-logro-reestructurar-el-99-de-la-deuda-bajo-ley-extranjera","status":"publish","type":"post","link":"https:\/\/oasisfm935.com.ar\/site\/el-gobierno-anuncio-que-logro-reestructurar-el-99-de-la-deuda-bajo-ley-extranjera\/","title":{"rendered":"El Gobierno anunci\u00f3 que logr\u00f3 reestructurar el 99% de la deuda bajo ley extranjera"},"content":{"rendered":"<p>El ministro de Econom\u00eda, Mart\u00edn Guzm\u00e1n, inform\u00f3 esta tarde que el canje de deuda logr\u00f3 una adhesi\u00f3n del 93,55%, pero por las cl\u00e1usulas de acci\u00f3n colectiva el porcentaje llega al 99%.<\/p>\n<p>En un acto en la Casa del Bicentenario que encabeza el presidente Alberto Fern\u00e1ndez, Guzm\u00e1n indic\u00f3 que tras esta reestructuraci\u00f3n \u00abel pa\u00eds tiene una posici\u00f3n m\u00e1s s\u00f3lida y sana que la que ten\u00eda en diciembre de 2019\u00bb.<\/p>\n<p>Tambi\u00e9n participan del encuentro la vicepresidenta Cristina Kirchner, gobernadores y legisladores.<\/p>\n<p>En su exposici\u00f3n, Guzm\u00e1n precis\u00f3 que la renegociaci\u00f3n permitir\u00e1 un ahorro de 37.700 millones de d\u00f3lares y bajar la tasa de inter\u00e9s del 7% al 3,07%.<\/p>\n<p>\u00abEl 10 de diciembre, cuando asumimos, nos pusimos como objetivo tranquilizar a la econom\u00eda argentina y poder instaurar condiciones para el crecimiento y poner al pa\u00eds de pie\u00bb, sostuvo el titular del Palacio de Hacienda.<\/p>\n<p>Afirm\u00f3 que \u00abla situaci\u00f3n era cr\u00edtica, porque desde 2016 se inici\u00f3 un per\u00edodo de endeudamiento y el pa\u00eds termin\u00f3 atrapado en una crisis profunda de deuda\u00bb.<\/p>\n<p><a href=\"http:\/\/oasisfm935.com\/site\/wp-content\/uploads\/2020\/08\/alberto-fernandez-con-cristina-kirchner___EuE5Zvk41_340x340__1.jpg\"><img loading=\"lazy\" decoding=\"async\" class=\"alignnone size-full wp-image-6525\" src=\"http:\/\/oasisfm935.com\/site\/wp-content\/uploads\/2020\/08\/alberto-fernandez-con-cristina-kirchner___EuE5Zvk41_340x340__1.jpg\" alt=\"\" width=\"340\" height=\"340\" srcset=\"https:\/\/oasisfm935.com.ar\/site\/wp-content\/uploads\/2020\/08\/alberto-fernandez-con-cristina-kirchner___EuE5Zvk41_340x340__1.jpg 340w, https:\/\/oasisfm935.com.ar\/site\/wp-content\/uploads\/2020\/08\/alberto-fernandez-con-cristina-kirchner___EuE5Zvk41_340x340__1-300x300.jpg 300w, https:\/\/oasisfm935.com.ar\/site\/wp-content\/uploads\/2020\/08\/alberto-fernandez-con-cristina-kirchner___EuE5Zvk41_340x340__1-150x150.jpg 150w\" sizes=\"auto, (max-width: 340px) 100vw, 340px\" \/><\/a><\/p>\n<p>\u00abEra indispensable quitarse esa carga y por eso desde el d\u00eda uno iniciamos un proceso de reestructurar para generar condiciones para los dem\u00e1s objetivos del desarrollo\u00bb, asegur\u00f3.<\/p>\n<p>Dijo que la Argentina estaba en \u00abdefault virtual. Fuimos de la mano con el Congreso y agradecemos el rol importante que tuvo para llegar a un resultado positivo y en la idea de tener un acuerdo que respetase la idea de sostenibilidad de la deuda\u00bb.<\/p>\n<div class=\"oasis-despues-del-contenido\" id=\"oasis-2328880557\"><img loading=\"lazy\" decoding=\"async\" src=\"https:\/\/oasisfm935.com.ar\/site\/wp-content\/uploads\/2020\/08\/47806202-8741-49f2-a5c9-d2f930e5baa1.jpg\" alt=\"\"  srcset=\"https:\/\/oasisfm935.com.ar\/site\/wp-content\/uploads\/2020\/08\/47806202-8741-49f2-a5c9-d2f930e5baa1.jpg 1080w, https:\/\/oasisfm935.com.ar\/site\/wp-content\/uploads\/2020\/08\/47806202-8741-49f2-a5c9-d2f930e5baa1-300x300.jpg 300w, https:\/\/oasisfm935.com.ar\/site\/wp-content\/uploads\/2020\/08\/47806202-8741-49f2-a5c9-d2f930e5baa1-1024x1024.jpg 1024w, https:\/\/oasisfm935.com.ar\/site\/wp-content\/uploads\/2020\/08\/47806202-8741-49f2-a5c9-d2f930e5baa1-150x150.jpg 150w, https:\/\/oasisfm935.com.ar\/site\/wp-content\/uploads\/2020\/08\/47806202-8741-49f2-a5c9-d2f930e5baa1-768x768.jpg 768w\" sizes=\"(max-width: 1080px) 100vw, 1080px\" class=\"no-lazyload\" width=\"1080\" height=\"1080\"  style=\"display: inline-block;\" \/><\/div>","protected":false},"excerpt":{"rendered":"<p>El ministro de Econom\u00eda, Mart\u00edn Guzm\u00e1n, inform\u00f3 esta tarde que el canje de deuda logr\u00f3 una adhesi\u00f3n del 93,55%, pero por las<\/p>\n","protected":false},"author":4,"featured_media":6526,"comment_status":"closed","ping_status":"open","sticky":false,"template":"","format":"standard","meta":{"colormag_page_layout":"default_layout","footnotes":""},"categories":[2],"tags":[],"class_list":["post-6522","post","type-post","status-publish","format-standard","has-post-thumbnail","hentry","category-noticias"],"_links":{"self":[{"href":"https:\/\/oasisfm935.com.ar\/site\/wp-json\/wp\/v2\/posts\/6522","targetHints":{"allow":["GET"]}}],"collection":[{"href":"https:\/\/oasisfm935.com.ar\/site\/wp-json\/wp\/v2\/posts"}],"about":[{"href":"https:\/\/oasisfm935.com.ar\/site\/wp-json\/wp\/v2\/types\/post"}],"author":[{"embeddable":true,"href":"https:\/\/oasisfm935.com.ar\/site\/wp-json\/wp\/v2\/users\/4"}],"replies":[{"embeddable":true,"href":"https:\/\/oasisfm935.com.ar\/site\/wp-json\/wp\/v2\/comments?post=6522"}],"version-history":[{"count":3,"href":"https:\/\/oasisfm935.com.ar\/site\/wp-json\/wp\/v2\/posts\/6522\/revisions"}],"predecessor-version":[{"id":6527,"href":"https:\/\/oasisfm935.com.ar\/site\/wp-json\/wp\/v2\/posts\/6522\/revisions\/6527"}],"wp:featuredmedia":[{"embeddable":true,"href":"https:\/\/oasisfm935.com.ar\/site\/wp-json\/wp\/v2\/media\/6526"}],"wp:attachment":[{"href":"https:\/\/oasisfm935.com.ar\/site\/wp-json\/wp\/v2\/media?parent=6522"}],"wp:term":[{"taxonomy":"category","embeddable":true,"href":"https:\/\/oasisfm935.com.ar\/site\/wp-json\/wp\/v2\/categories?post=6522"},{"taxonomy":"post_tag","embeddable":true,"href":"https:\/\/oasisfm935.com.ar\/site\/wp-json\/wp\/v2\/tags?post=6522"}],"curies":[{"name":"wp","href":"https:\/\/api.w.org\/{rel}","templated":true}]}}