{"id":6529,"date":"2020-08-31T19:45:21","date_gmt":"2020-08-31T22:45:21","guid":{"rendered":"http:\/\/oasisfm935.com\/site\/?p=6529"},"modified":"2020-08-31T19:46:09","modified_gmt":"2020-08-31T22:46:09","slug":"el-gobernador-ziliotto-celebro-la-adhesion-del-99-de-los-bonistas-al-canje-de-deuda-un-acuerdo-historico","status":"publish","type":"post","link":"https:\/\/oasisfm935.com.ar\/site\/el-gobernador-ziliotto-celebro-la-adhesion-del-99-de-los-bonistas-al-canje-de-deuda-un-acuerdo-historico\/","title":{"rendered":"El gobernador Ziliotto celebr\u00f3 la adhesi\u00f3n del 99% de los bonistas al canje de deuda \u00abUn acuerdo hist\u00f3rico\u00bb."},"content":{"rendered":"<p>El gobernador Ziliotto celebr\u00f3 la adhesi\u00f3n del 99% de los bonistas al canje de deuda.<\/p>\n<p>El gobernador Sergio Ziliotto particip\u00f3 este lunes por la tarde de una videoconferencia que encabez\u00f3 el presidente de la Naci\u00f3n, Alberto Fern\u00e1ndez, luego del acuerdo con los bonistas.<\/p>\n<p>\u00abAcuerdo hist\u00f3rico por la deuda\u00bb, manifest\u00f3 el mandatario pampeano.<\/p>\n<p>\u00abLos bonistas entendieron qu solo podemos pagar fortaleciendo la industria nacional y generando trabajo argentino, creciendo pero con inclusi\u00f3n social\u00bb, agreg\u00f3.<\/p>\n<div class=\"oasis-despues-del-contenido\" id=\"oasis-3566787155\"><img loading=\"lazy\" decoding=\"async\" src=\"https:\/\/oasisfm935.com.ar\/site\/wp-content\/uploads\/2020\/08\/47806202-8741-49f2-a5c9-d2f930e5baa1.jpg\" alt=\"\"  srcset=\"https:\/\/oasisfm935.com.ar\/site\/wp-content\/uploads\/2020\/08\/47806202-8741-49f2-a5c9-d2f930e5baa1.jpg 1080w, https:\/\/oasisfm935.com.ar\/site\/wp-content\/uploads\/2020\/08\/47806202-8741-49f2-a5c9-d2f930e5baa1-300x300.jpg 300w, https:\/\/oasisfm935.com.ar\/site\/wp-content\/uploads\/2020\/08\/47806202-8741-49f2-a5c9-d2f930e5baa1-1024x1024.jpg 1024w, https:\/\/oasisfm935.com.ar\/site\/wp-content\/uploads\/2020\/08\/47806202-8741-49f2-a5c9-d2f930e5baa1-150x150.jpg 150w, https:\/\/oasisfm935.com.ar\/site\/wp-content\/uploads\/2020\/08\/47806202-8741-49f2-a5c9-d2f930e5baa1-768x768.jpg 768w\" sizes=\"(max-width: 1080px) 100vw, 1080px\" class=\"no-lazyload\" width=\"1080\" height=\"1080\"  style=\"display: inline-block;\" \/><\/div>","protected":false},"excerpt":{"rendered":"<p>El gobernador Ziliotto celebr\u00f3 la adhesi\u00f3n del 99% de los bonistas al canje de deuda. El gobernador Sergio Ziliotto particip\u00f3 este lunes<\/p>\n","protected":false},"author":4,"featured_media":6531,"comment_status":"closed","ping_status":"open","sticky":false,"template":"","format":"standard","meta":{"colormag_page_layout":"default_layout","footnotes":""},"categories":[2],"tags":[],"class_list":["post-6529","post","type-post","status-publish","format-standard","has-post-thumbnail","hentry","category-noticias"],"_links":{"self":[{"href":"https:\/\/oasisfm935.com.ar\/site\/wp-json\/wp\/v2\/posts\/6529","targetHints":{"allow":["GET"]}}],"collection":[{"href":"https:\/\/oasisfm935.com.ar\/site\/wp-json\/wp\/v2\/posts"}],"about":[{"href":"https:\/\/oasisfm935.com.ar\/site\/wp-json\/wp\/v2\/types\/post"}],"author":[{"embeddable":true,"href":"https:\/\/oasisfm935.com.ar\/site\/wp-json\/wp\/v2\/users\/4"}],"replies":[{"embeddable":true,"href":"https:\/\/oasisfm935.com.ar\/site\/wp-json\/wp\/v2\/comments?post=6529"}],"version-history":[{"count":3,"href":"https:\/\/oasisfm935.com.ar\/site\/wp-json\/wp\/v2\/posts\/6529\/revisions"}],"predecessor-version":[{"id":6533,"href":"https:\/\/oasisfm935.com.ar\/site\/wp-json\/wp\/v2\/posts\/6529\/revisions\/6533"}],"wp:featuredmedia":[{"embeddable":true,"href":"https:\/\/oasisfm935.com.ar\/site\/wp-json\/wp\/v2\/media\/6531"}],"wp:attachment":[{"href":"https:\/\/oasisfm935.com.ar\/site\/wp-json\/wp\/v2\/media?parent=6529"}],"wp:term":[{"taxonomy":"category","embeddable":true,"href":"https:\/\/oasisfm935.com.ar\/site\/wp-json\/wp\/v2\/categories?post=6529"},{"taxonomy":"post_tag","embeddable":true,"href":"https:\/\/oasisfm935.com.ar\/site\/wp-json\/wp\/v2\/tags?post=6529"}],"curies":[{"name":"wp","href":"https:\/\/api.w.org\/{rel}","templated":true}]}}