{"id":6536,"date":"2020-09-01T12:09:59","date_gmt":"2020-09-01T15:09:59","guid":{"rendered":"http:\/\/oasisfm935.com\/site\/?p=6536"},"modified":"2020-09-01T12:09:59","modified_gmt":"2020-09-01T15:09:59","slug":"murio-una-mujer-de-coronavirus-en-la-pampa","status":"publish","type":"post","link":"https:\/\/oasisfm935.com.ar\/site\/murio-una-mujer-de-coronavirus-en-la-pampa\/","title":{"rendered":"Muri\u00f3 una mujer de coronavirus en La Pampa"},"content":{"rendered":"<p>Se produjo el segundo fallecimiento en La Pampa por COVID-19, confirm\u00f3 Salud. Es una mujer de 68 a\u00f1os.<\/p>\n<p>Este martes muri\u00f3 una mujer de 68 a\u00f1os de edad, luego de cursar 30 d\u00edas de asistencia respiratoria mec\u00e1nica, seg\u00fan confirm\u00f3 el Ministerio de Salud.<\/p>\n<p>La paciente presentaba domicilio en Intendente Alvear, pero se encontraba internada en terapia intensiva del Hospital Gobernador Centeno por presentar patolog\u00eda respiratoria COVID-19 positivo.<\/p>\n<p><strong>\u00abSe trataba de una paciente inmunodeprimida, con neuropat\u00eda severa entre otras comorbilidades. El nexo de su contagio pertenece al brote en la localidad de Catril\u00f3\u00bb<\/strong>, se explic\u00f3 oficialemente.<\/p>\n<p>Hace una semana el gobierno provincial hab\u00eda notificado del primer fallecimiento. En ese caso, fue una persona de 96 a\u00f1os que se encontraba internada desde hac\u00eda 31 d\u00edas en General Pico. Hab\u00eda sido diagnosticada con patolog\u00eda respiratoria por Covid-19 y el nexo de su contagio pertenec\u00eda tambi\u00e9n al brote que se registr\u00f3 en Catril\u00f3.<\/p>\n<p>Este martes el ministerio contin\u00faa\u00a0el monitoreo de 331 personas que se encuentran aisladas.<\/p>\n<p>Desde el inicio de la pandemia\u00a0en la Provincia, se registraron un total de 201 casos positivos para COVID-19, de los cuales 16 permanecen activos, 2 han fallecido y 184 se han recuperado. Los casos confirmados activos est\u00e1n distribuidos de la siguiente manera: 3 en la ciudad de Santa Rosa, 7 en General Pico, 1 en Catril\u00f3, 2 en Guatrach\u00e9, 1 en La Adela, 1 en Macach\u00edn y 1 en 25 de Mayo.<\/p>\n<p>Se encuentran internadas un total de 3 personas confirmadas para COVID-19. En el Establecimiento Asistencial Gobernador Centeno de General Pico 1 persona, en cl\u00ednica m\u00e9dica. En el Centro Emergente de Asistencia Respiratoria (CEAR) de la ciudad de Santa Rosa se encuentran internadas 2 personas, una de ellas en terapia intensiva y una\u00a0en cl\u00ednica m\u00e9dica.<\/p>\n<div class=\"oasis-despues-del-contenido\" id=\"oasis-3554918293\"><img loading=\"lazy\" decoding=\"async\" src=\"https:\/\/oasisfm935.com.ar\/site\/wp-content\/uploads\/2020\/08\/47806202-8741-49f2-a5c9-d2f930e5baa1.jpg\" alt=\"\"  srcset=\"https:\/\/oasisfm935.com.ar\/site\/wp-content\/uploads\/2020\/08\/47806202-8741-49f2-a5c9-d2f930e5baa1.jpg 1080w, https:\/\/oasisfm935.com.ar\/site\/wp-content\/uploads\/2020\/08\/47806202-8741-49f2-a5c9-d2f930e5baa1-300x300.jpg 300w, https:\/\/oasisfm935.com.ar\/site\/wp-content\/uploads\/2020\/08\/47806202-8741-49f2-a5c9-d2f930e5baa1-1024x1024.jpg 1024w, https:\/\/oasisfm935.com.ar\/site\/wp-content\/uploads\/2020\/08\/47806202-8741-49f2-a5c9-d2f930e5baa1-150x150.jpg 150w, https:\/\/oasisfm935.com.ar\/site\/wp-content\/uploads\/2020\/08\/47806202-8741-49f2-a5c9-d2f930e5baa1-768x768.jpg 768w\" sizes=\"(max-width: 1080px) 100vw, 1080px\" class=\"no-lazyload\" width=\"1080\" height=\"1080\"  style=\"display: inline-block;\" \/><\/div>","protected":false},"excerpt":{"rendered":"<p>Se produjo el segundo fallecimiento en La Pampa por COVID-19, confirm\u00f3 Salud. Es una mujer de 68 a\u00f1os. Este martes muri\u00f3 una<\/p>\n","protected":false},"author":4,"featured_media":6537,"comment_status":"closed","ping_status":"open","sticky":false,"template":"","format":"standard","meta":{"colormag_page_layout":"default_layout","footnotes":""},"categories":[2],"tags":[],"class_list":["post-6536","post","type-post","status-publish","format-standard","has-post-thumbnail","hentry","category-noticias"],"_links":{"self":[{"href":"https:\/\/oasisfm935.com.ar\/site\/wp-json\/wp\/v2\/posts\/6536","targetHints":{"allow":["GET"]}}],"collection":[{"href":"https:\/\/oasisfm935.com.ar\/site\/wp-json\/wp\/v2\/posts"}],"about":[{"href":"https:\/\/oasisfm935.com.ar\/site\/wp-json\/wp\/v2\/types\/post"}],"author":[{"embeddable":true,"href":"https:\/\/oasisfm935.com.ar\/site\/wp-json\/wp\/v2\/users\/4"}],"replies":[{"embeddable":true,"href":"https:\/\/oasisfm935.com.ar\/site\/wp-json\/wp\/v2\/comments?post=6536"}],"version-history":[{"count":1,"href":"https:\/\/oasisfm935.com.ar\/site\/wp-json\/wp\/v2\/posts\/6536\/revisions"}],"predecessor-version":[{"id":6538,"href":"https:\/\/oasisfm935.com.ar\/site\/wp-json\/wp\/v2\/posts\/6536\/revisions\/6538"}],"wp:featuredmedia":[{"embeddable":true,"href":"https:\/\/oasisfm935.com.ar\/site\/wp-json\/wp\/v2\/media\/6537"}],"wp:attachment":[{"href":"https:\/\/oasisfm935.com.ar\/site\/wp-json\/wp\/v2\/media?parent=6536"}],"wp:term":[{"taxonomy":"category","embeddable":true,"href":"https:\/\/oasisfm935.com.ar\/site\/wp-json\/wp\/v2\/categories?post=6536"},{"taxonomy":"post_tag","embeddable":true,"href":"https:\/\/oasisfm935.com.ar\/site\/wp-json\/wp\/v2\/tags?post=6536"}],"curies":[{"name":"wp","href":"https:\/\/api.w.org\/{rel}","templated":true}]}}