{"id":6539,"date":"2020-09-01T14:04:06","date_gmt":"2020-09-01T17:04:06","guid":{"rendered":"http:\/\/oasisfm935.com\/site\/?p=6539"},"modified":"2020-09-01T14:04:06","modified_gmt":"2020-09-01T17:04:06","slug":"covid-19-dos-nuevos-casos-positivos-en-duval-y-uno-en-santa-rosa","status":"publish","type":"post","link":"https:\/\/oasisfm935.com.ar\/site\/covid-19-dos-nuevos-casos-positivos-en-duval-y-uno-en-santa-rosa\/","title":{"rendered":"Covid-19: dos nuevos casos positivos en Duval y uno en Santa Rosa"},"content":{"rendered":"<section id=\"g-navigation\" class=\"sticky\">\n<div class=\"g-container\">\n<div class=\"g-grid\">\n<div class=\"g-block size-26 nopaddingall nomarginall\">\n<div id=\"logo-8119-particle\" class=\"g-content g-particle\"><\/div>\n<\/div>\n<\/div>\n<\/div>\n<\/section>\n<section id=\"g-container-main\" class=\"g-wrapper\">\n<div class=\"g-container\">\n<div class=\"g-grid\">\n<div class=\"g-block size-67\">\n<div class=\"g-grid\">\n<div class=\"g-block size-100 pre-content\">\n<div class=\"g-content\">\n<div class=\"platform-content row-fluid\">\n<div class=\"span12\">\n<div class=\"item-page\">\n<div>\n<p>Surgen de las muestras procesadas este martes.\u00a0<strong>Los contagios suman 204<\/strong>.<\/p>\n<p>El Gobierno Provincial dio a conocer este martes tres nuevos casos de coronavirus en la provincia. Son de las muestras analizadas en los laboratorios de Bacteriolog\u00eda del Hospital Lucio Molas, donde tres de ellas arrojaron resultado positivo para COVID-19.<\/p>\n<p>\u00abLos dos primeros resultados corresponden a dos j\u00f3venes de a la localidad de Gobernador Duval, que ingresaron a la provincia de La Pampa desde la localidad de Godoy, provincia de Rio Negro. Una vez que ingresaron a Gobernador Duval realizaron el aislamiento correspondiente, durante el desarrollo del mismo y frente a la presentaci\u00f3n de s\u00edntomas, se los traslad\u00f3 a la localidad de General Acha, donde se les tom\u00f3 la muestra nasofar\u00edngea resultando positiva para COVID-19\u00bb, inform\u00f3 Salud.<\/p>\n<p>\u00abLa otra persona es un se\u00f1or que se encontraba en Ezeiza, provincia de Buenos Aires y que ingres\u00f3 a la provincia el d\u00eda s\u00e1bado. En el d\u00eda de ayer frente a la presencia de anosmia (ausencia del olfato) se lo hisop\u00f3 y el resultado fue positivo para COVID-19. Ninguno de los casos confirmados refieren contactos estrechos, debido a que todos cumpl\u00edan con el aislamiento obligatorio\u00bb, se\u00f1al\u00f3 el mismo informe.<\/p>\n<p>\u00abEn el d\u00eda de la fecha se ha producido el fallecimiento de una persona de sexo femenino que se encontraba internada en Terapia intensiva desde hace 30 d\u00edas en el Hospital Gobernador Centeno de General Pico\u00bb, agreg\u00f3.<\/p>\n<p><strong>18 casos activos<\/strong><\/p>\n<p>Desde el inicio de la pandemia, en La Pampa se registraron un total 204 casos positivos:\u00a0<strong>18 permanecen activos, dos fallecieron y 184 se recuperaron<\/strong>.<\/p>\n<p>Los casos confirmados activos est\u00e1n distribuidos de la siguiente manera:\u00a0<strong>seis en General Pico, cuatro en Santa Rosa, dos en Guatrach\u00e9, dos en Gobernador Duval, uno en Catril\u00f3, uno La Adela, uno en Macach\u00edn y uno en 25 de Mayo.<\/strong><\/p>\n<p>En la actualidad se encuentran internadas un total de tres personas. Una en el \u00e1rea de cl\u00ednica m\u00e9dica del Hospital Gobernador Centeno de General Pico y dos en el Centro Emergente de Asistencia Respiratoria de Santa Rosa, tambi\u00e9n en cl\u00ednica m\u00e9dica.<\/p>\n<\/div>\n<\/div>\n<\/div>\n<\/div>\n<\/div>\n<\/div>\n<\/div>\n<\/div>\n<\/div>\n<\/div>\n<\/section>\n<div class=\"oasis-despues-del-contenido\" id=\"oasis-2171466060\"><img loading=\"lazy\" decoding=\"async\" src=\"https:\/\/oasisfm935.com.ar\/site\/wp-content\/uploads\/2020\/08\/47806202-8741-49f2-a5c9-d2f930e5baa1.jpg\" alt=\"\"  srcset=\"https:\/\/oasisfm935.com.ar\/site\/wp-content\/uploads\/2020\/08\/47806202-8741-49f2-a5c9-d2f930e5baa1.jpg 1080w, https:\/\/oasisfm935.com.ar\/site\/wp-content\/uploads\/2020\/08\/47806202-8741-49f2-a5c9-d2f930e5baa1-300x300.jpg 300w, https:\/\/oasisfm935.com.ar\/site\/wp-content\/uploads\/2020\/08\/47806202-8741-49f2-a5c9-d2f930e5baa1-1024x1024.jpg 1024w, https:\/\/oasisfm935.com.ar\/site\/wp-content\/uploads\/2020\/08\/47806202-8741-49f2-a5c9-d2f930e5baa1-150x150.jpg 150w, https:\/\/oasisfm935.com.ar\/site\/wp-content\/uploads\/2020\/08\/47806202-8741-49f2-a5c9-d2f930e5baa1-768x768.jpg 768w\" sizes=\"(max-width: 1080px) 100vw, 1080px\" class=\"no-lazyload\" width=\"1080\" height=\"1080\"  style=\"display: inline-block;\" \/><\/div>","protected":false},"excerpt":{"rendered":"<p>Surgen de las muestras procesadas este martes.\u00a0Los contagios suman 204. El Gobierno Provincial dio a conocer este martes tres nuevos casos de<\/p>\n","protected":false},"author":4,"featured_media":6543,"comment_status":"closed","ping_status":"open","sticky":false,"template":"","format":"standard","meta":{"colormag_page_layout":"default_layout","footnotes":""},"categories":[2],"tags":[],"class_list":["post-6539","post","type-post","status-publish","format-standard","has-post-thumbnail","hentry","category-noticias"],"_links":{"self":[{"href":"https:\/\/oasisfm935.com.ar\/site\/wp-json\/wp\/v2\/posts\/6539","targetHints":{"allow":["GET"]}}],"collection":[{"href":"https:\/\/oasisfm935.com.ar\/site\/wp-json\/wp\/v2\/posts"}],"about":[{"href":"https:\/\/oasisfm935.com.ar\/site\/wp-json\/wp\/v2\/types\/post"}],"author":[{"embeddable":true,"href":"https:\/\/oasisfm935.com.ar\/site\/wp-json\/wp\/v2\/users\/4"}],"replies":[{"embeddable":true,"href":"https:\/\/oasisfm935.com.ar\/site\/wp-json\/wp\/v2\/comments?post=6539"}],"version-history":[{"count":4,"href":"https:\/\/oasisfm935.com.ar\/site\/wp-json\/wp\/v2\/posts\/6539\/revisions"}],"predecessor-version":[{"id":6544,"href":"https:\/\/oasisfm935.com.ar\/site\/wp-json\/wp\/v2\/posts\/6539\/revisions\/6544"}],"wp:featuredmedia":[{"embeddable":true,"href":"https:\/\/oasisfm935.com.ar\/site\/wp-json\/wp\/v2\/media\/6543"}],"wp:attachment":[{"href":"https:\/\/oasisfm935.com.ar\/site\/wp-json\/wp\/v2\/media?parent=6539"}],"wp:term":[{"taxonomy":"category","embeddable":true,"href":"https:\/\/oasisfm935.com.ar\/site\/wp-json\/wp\/v2\/categories?post=6539"},{"taxonomy":"post_tag","embeddable":true,"href":"https:\/\/oasisfm935.com.ar\/site\/wp-json\/wp\/v2\/tags?post=6539"}],"curies":[{"name":"wp","href":"https:\/\/api.w.org\/{rel}","templated":true}]}}