{"id":6545,"date":"2020-09-01T21:03:24","date_gmt":"2020-09-02T00:03:24","guid":{"rendered":"http:\/\/oasisfm935.com\/site\/?p=6545"},"modified":"2020-09-01T21:03:24","modified_gmt":"2020-09-02T00:03:24","slug":"coronavirus-en-la-pampa-4-nuevos-casos-3-son-de-general-pico","status":"publish","type":"post","link":"https:\/\/oasisfm935.com.ar\/site\/coronavirus-en-la-pampa-4-nuevos-casos-3-son-de-general-pico\/","title":{"rendered":"Coronavirus en La Pampa: 4 nuevos casos, 3 son de General Pico."},"content":{"rendered":"<p>El Gobierno de la Provincia de La Pampa a trav\u00e9s del Ministerio de Salud comunica que, en horas de la tarde del 1 de septiembre, se finaliz\u00f3 con el procesamiento de 49 muestras analizadas en los laboratorios de Bacteriolog\u00eda del Hospital Lucio Molas, del Gobernador Centeno, y de la Direcci\u00f3n de Epidemiolog\u00eda, de las cuales 4 de ellas resultaron positivas para\u00a0 COVID-19.<\/p>\n<p>D<strong>e los casos confirmados 3 residen en General Pico, 2 de estos son contacto estrecho de un caso confirmado anteriormente y el tercero es una se\u00f1ora que se encuentra internada por neumon\u00eda.\u00a0<\/strong>Se est\u00e1 llevando a cabo la\u00a0 investigaci\u00f3n epidemiol\u00f3gica, con los datos relevados al momento, el nexo tendr\u00eda relaci\u00f3n con un transportista que refiere contacto con las personas\u00a0 confirmadas como positivas esta semana en la localidad. Por otro lado, el cuarto caso confirmado en la tarde de hoy reside en la localidad de La Adela, se trata de un caso importado de la provincia de R\u00edo Negro, que se encontraba cumpliendo aislamiento.<\/p>\n<p><strong>\u201cB\u00fasqueda Activa\u201d en el Barrio Fonavi 42<\/strong><br \/>\nSe llev\u00f3 a cabo el programa B\u00fasqueda Activa de posibles casos de COVID en el barrio Fonavi 42. Se\u00a0 visitaron 343 viviendas en la zona de influencia del centro de salud del barrio, y se encuestaron\u00a0 1106 personas. No se detectaron pacientes con s\u00edntomas respiratorios, motivo por el cual\u00a0 no se realiz\u00f3 ning\u00fan hisopado. Tambi\u00e9n se relev\u00f3 datos sobre calendarios de vacunas y la medicaci\u00f3n en pacientes cr\u00f3nicos, no encontr\u00e1ndose ninguna anormalidad.<\/p>\n<p><strong>Situaci\u00f3n Provincial<\/strong><br \/>\n<strong>Desde el inicio de la pandemia, en nuestra provincia, se registraron un total 208 casos positivos para COVID-19, de los cuales 22 permanecen activos, 2 han fallecido\u00a0 y 184 se han recuperado.\u00a0<\/strong>Los casos confirmados activos est\u00e1n distribuidos de la siguiente manera: 4 en la Ciudad de Santa Rosa, 9 en General Pico, 1 en Catril\u00f3, 2 en Guatrach\u00e9, 2 en La Adela, 1 en Macach\u00edn, 1 en 25 de Mayo y 2 en Gobernador Duval.<br \/>\nSe encuentran internadas un total de 4 personas confirmadas para COVID-19.\u00a0 En General Pico, en el Hospital Gobernador Centeno 2 personas en cl\u00ednica m\u00e9dica.\u00a0 En el Centro Emergente de Asistencia Respiratoria de<\/p>\n<div class=\"oasis-despues-del-contenido\" id=\"oasis-1934623802\"><img loading=\"lazy\" decoding=\"async\" src=\"https:\/\/oasisfm935.com.ar\/site\/wp-content\/uploads\/2020\/08\/47806202-8741-49f2-a5c9-d2f930e5baa1.jpg\" alt=\"\"  srcset=\"https:\/\/oasisfm935.com.ar\/site\/wp-content\/uploads\/2020\/08\/47806202-8741-49f2-a5c9-d2f930e5baa1.jpg 1080w, https:\/\/oasisfm935.com.ar\/site\/wp-content\/uploads\/2020\/08\/47806202-8741-49f2-a5c9-d2f930e5baa1-300x300.jpg 300w, https:\/\/oasisfm935.com.ar\/site\/wp-content\/uploads\/2020\/08\/47806202-8741-49f2-a5c9-d2f930e5baa1-1024x1024.jpg 1024w, https:\/\/oasisfm935.com.ar\/site\/wp-content\/uploads\/2020\/08\/47806202-8741-49f2-a5c9-d2f930e5baa1-150x150.jpg 150w, https:\/\/oasisfm935.com.ar\/site\/wp-content\/uploads\/2020\/08\/47806202-8741-49f2-a5c9-d2f930e5baa1-768x768.jpg 768w\" sizes=\"(max-width: 1080px) 100vw, 1080px\" class=\"no-lazyload\" width=\"1080\" height=\"1080\"  style=\"display: inline-block;\" \/><\/div>","protected":false},"excerpt":{"rendered":"<p>El Gobierno de la Provincia de La Pampa a trav\u00e9s del Ministerio de Salud comunica que, en horas de la tarde del<\/p>\n","protected":false},"author":4,"featured_media":6546,"comment_status":"closed","ping_status":"open","sticky":false,"template":"","format":"standard","meta":{"colormag_page_layout":"default_layout","footnotes":""},"categories":[2],"tags":[],"class_list":["post-6545","post","type-post","status-publish","format-standard","has-post-thumbnail","hentry","category-noticias"],"_links":{"self":[{"href":"https:\/\/oasisfm935.com.ar\/site\/wp-json\/wp\/v2\/posts\/6545","targetHints":{"allow":["GET"]}}],"collection":[{"href":"https:\/\/oasisfm935.com.ar\/site\/wp-json\/wp\/v2\/posts"}],"about":[{"href":"https:\/\/oasisfm935.com.ar\/site\/wp-json\/wp\/v2\/types\/post"}],"author":[{"embeddable":true,"href":"https:\/\/oasisfm935.com.ar\/site\/wp-json\/wp\/v2\/users\/4"}],"replies":[{"embeddable":true,"href":"https:\/\/oasisfm935.com.ar\/site\/wp-json\/wp\/v2\/comments?post=6545"}],"version-history":[{"count":1,"href":"https:\/\/oasisfm935.com.ar\/site\/wp-json\/wp\/v2\/posts\/6545\/revisions"}],"predecessor-version":[{"id":6547,"href":"https:\/\/oasisfm935.com.ar\/site\/wp-json\/wp\/v2\/posts\/6545\/revisions\/6547"}],"wp:featuredmedia":[{"embeddable":true,"href":"https:\/\/oasisfm935.com.ar\/site\/wp-json\/wp\/v2\/media\/6546"}],"wp:attachment":[{"href":"https:\/\/oasisfm935.com.ar\/site\/wp-json\/wp\/v2\/media?parent=6545"}],"wp:term":[{"taxonomy":"category","embeddable":true,"href":"https:\/\/oasisfm935.com.ar\/site\/wp-json\/wp\/v2\/categories?post=6545"},{"taxonomy":"post_tag","embeddable":true,"href":"https:\/\/oasisfm935.com.ar\/site\/wp-json\/wp\/v2\/tags?post=6545"}],"curies":[{"name":"wp","href":"https:\/\/api.w.org\/{rel}","templated":true}]}}