{"id":6548,"date":"2020-09-02T14:25:59","date_gmt":"2020-09-02T17:25:59","guid":{"rendered":"http:\/\/oasisfm935.com\/site\/?p=6548"},"modified":"2020-09-02T14:28:24","modified_gmt":"2020-09-02T17:28:24","slug":"la-pampa-un-viajante-de-pico-rompio-el-aislamiento-y-tuvieron-que-aislar-decenas-de-personas","status":"publish","type":"post","link":"https:\/\/oasisfm935.com.ar\/site\/la-pampa-un-viajante-de-pico-rompio-el-aislamiento-y-tuvieron-que-aislar-decenas-de-personas\/","title":{"rendered":"La Pampa: Un viajante de Pico rompi\u00f3 el aislamiento y tuvieron que aislar decenas de personas"},"content":{"rendered":"<section id=\"g-container-main\" class=\"g-wrapper\">\n<div class=\"g-container\">\n<div class=\"g-grid\">\n<div class=\"g-block size-67\">\n<div class=\"g-grid\">\n<div class=\"g-block size-100 nomarginall nopaddingall py-2\">\n<div class=\"g-content\">\n<div class=\"platform-content\">\n<div class=\"moduletable \">\n<div role=\"navigation\" aria-label=\"Breadcrumbs\">\n<p>&nbsp;<\/p>\n<\/div>\n<\/div>\n<\/div>\n<\/div>\n<\/div>\n<\/div>\n<div class=\"g-grid\">\n<div class=\"g-block size-100 pre-content\">\n<div class=\"g-content\">\n<div class=\"platform-content row-fluid\">\n<div class=\"span12\">\n<div class=\"item-page\">\n<div class=\"col-12 d-inline\">\n<div class=\"pull-left item-image\">Las 11 muestras realizadas en la ma\u00f1ana de este martes por el ministerio de Salud, dieron negativo. Cerraron comercios en Alta Ialia, Speluzzi y V\u00e9rtiz por ese viajante que rompi\u00f3 el aislamiento.<\/div>\n<\/div>\n<div>\n<p>Ese viajante que rompi\u00f3 el aislamiento, sali\u00f3 a repartir mercader\u00eda en\u00a0<strong>Alta Italia, Speluzzi y V\u00e9rtiz<\/strong>: esto oblig\u00f3 a\u00a0<strong>aislar a decenas 29 personas y cerrar 9 comercios.<\/strong><\/p>\n<p>El Gobierno de la Provincia de La Pampa a trav\u00e9s del Ministerio de Salud comunic\u00f3 que, en horas de la ma\u00f1ana del 2 de septiembre, se finaliz\u00f3 con el procesamiento de 11 muestras que resultaron negativas para COVID.19, todas ellas analizadas en los laboratorios de Bacteriolog\u00eda del Hospital Lucio Molas y de la Direcci\u00f3n de Epidemiolog\u00eda.<\/p>\n<p>Desde el Ministerio de Salud, adem\u00e1s, se confirm\u00f3 que una persona de General Pico rompi\u00f3 el aislamiento. La misma (considerada como contacto estrecho) recorri\u00f3 9 comercios entre las localidades de Alta Italia, V\u00e9rtiz y Speluzzi. Tambi\u00e9n se hizo presente en la Cooperativa Obrera de la ciudad de General Pico, generando una sucesi\u00f3n de hechos que finaliz\u00f3 con las siguientes intervenciones:<\/p>\n<p><strong>Alta Italia:<\/strong>\u00a04 comercios cerrados y 6 personas aisladas;<br \/>\n<strong>V\u00e9rtiz<\/strong>\u00a0: 2 comercios cerrados y 10 personas aisladas,<br \/>\n<strong>Speluzzi<\/strong>: 3 comercios cerrados y 13 personas aisladas,<\/p>\n<p><strong>Cooperativa Obrera:<\/strong>\u00a0al momento del informe no se detectaron contactos estrechos.<\/p>\n<p>Los comercios podr\u00e1n oportunamente abrir sus puertas para ser atendidos por otras personas, luego de ser desinfectados.<\/p>\n<p><strong>Operativo en La Adela.<\/strong><\/p>\n<p>Ante la presencia de 2 casos positivos informados ayer y sumados a los 15 casos confirmados en la vecina localidad de Rio Colorado, el Ministerio de Salud dispuso realizar en la localidad de<strong>\u00a0La Adela un intenso operativo de contenci\u00f3n epidemiol\u00f3gica.<\/strong><\/p>\n<p>Situaci\u00f3n provincial:<\/p>\n<p>Desde el inicio de la pandemia, en la provincia, se registraron un total de 208 casos positivos para COVID-19, de los cuales 22 permanecen activos, 2 fallecieron y 184 se recuperaron. Los casos confirmados activos est\u00e1n distribuidos de la siguiente manera:<strong>\u00a04 en la ciudad de Santa Rosa, 9 en General Pico, 1 en Catril\u00f3, 2 en Guatrach\u00e9, 2 La Adela, 1 en Macach\u00edn, 1 en 25 de Mayo y 2 en Gobernador Duval.<\/strong><br \/>\nAl d\u00eda de la fecha se encuentran aisladas<strong>\u00a0un total de 415 personas.<\/strong><br \/>\nSe encuentran internadas un total de 4 personas confirmadas para COVID-19. En General Pico, en el Establecimiento Asistencial Gobernador Centeno 2 personas en cl\u00ednica m\u00e9dica. En el Centro Emergente de Asistencia Respiratoria (CEAR) de la ciudad de Santa Rosa, se encuentran internadas 2 personas en cl\u00ednica m\u00e9dica.<\/p>\n<p>Aclaraci\u00f3n sobre la carga de casos confirmados en el Reporte Nacional:<\/p>\n<p>Es importante aclarar que existe una diferencia de casos confirmados entre el Reporte Provincial y el Nacional ya que se asisten y notifican pacientes que viven en otras provincias que tienen domicilio legal (el que figura en el DNI) en la provincia de La Pampa.<\/p>\n<\/div>\n<\/div>\n<\/div>\n<\/div>\n<\/div>\n<\/div>\n<\/div>\n<\/div>\n<\/div>\n<\/div>\n<\/section>\n<div class=\"oasis-despues-del-contenido\" id=\"oasis-1395018771\"><img loading=\"lazy\" decoding=\"async\" src=\"https:\/\/oasisfm935.com.ar\/site\/wp-content\/uploads\/2020\/08\/47806202-8741-49f2-a5c9-d2f930e5baa1.jpg\" alt=\"\"  srcset=\"https:\/\/oasisfm935.com.ar\/site\/wp-content\/uploads\/2020\/08\/47806202-8741-49f2-a5c9-d2f930e5baa1.jpg 1080w, https:\/\/oasisfm935.com.ar\/site\/wp-content\/uploads\/2020\/08\/47806202-8741-49f2-a5c9-d2f930e5baa1-300x300.jpg 300w, https:\/\/oasisfm935.com.ar\/site\/wp-content\/uploads\/2020\/08\/47806202-8741-49f2-a5c9-d2f930e5baa1-1024x1024.jpg 1024w, https:\/\/oasisfm935.com.ar\/site\/wp-content\/uploads\/2020\/08\/47806202-8741-49f2-a5c9-d2f930e5baa1-150x150.jpg 150w, https:\/\/oasisfm935.com.ar\/site\/wp-content\/uploads\/2020\/08\/47806202-8741-49f2-a5c9-d2f930e5baa1-768x768.jpg 768w\" sizes=\"(max-width: 1080px) 100vw, 1080px\" class=\"no-lazyload\" width=\"1080\" height=\"1080\"  style=\"display: inline-block;\" \/><\/div>","protected":false},"excerpt":{"rendered":"<p>&nbsp; Las 11 muestras realizadas en la ma\u00f1ana de este martes por el ministerio de Salud, dieron negativo. Cerraron comercios en Alta<\/p>\n","protected":false},"author":4,"featured_media":6549,"comment_status":"closed","ping_status":"open","sticky":false,"template":"","format":"standard","meta":{"colormag_page_layout":"default_layout","footnotes":""},"categories":[2],"tags":[],"class_list":["post-6548","post","type-post","status-publish","format-standard","has-post-thumbnail","hentry","category-noticias"],"_links":{"self":[{"href":"https:\/\/oasisfm935.com.ar\/site\/wp-json\/wp\/v2\/posts\/6548","targetHints":{"allow":["GET"]}}],"collection":[{"href":"https:\/\/oasisfm935.com.ar\/site\/wp-json\/wp\/v2\/posts"}],"about":[{"href":"https:\/\/oasisfm935.com.ar\/site\/wp-json\/wp\/v2\/types\/post"}],"author":[{"embeddable":true,"href":"https:\/\/oasisfm935.com.ar\/site\/wp-json\/wp\/v2\/users\/4"}],"replies":[{"embeddable":true,"href":"https:\/\/oasisfm935.com.ar\/site\/wp-json\/wp\/v2\/comments?post=6548"}],"version-history":[{"count":2,"href":"https:\/\/oasisfm935.com.ar\/site\/wp-json\/wp\/v2\/posts\/6548\/revisions"}],"predecessor-version":[{"id":6551,"href":"https:\/\/oasisfm935.com.ar\/site\/wp-json\/wp\/v2\/posts\/6548\/revisions\/6551"}],"wp:featuredmedia":[{"embeddable":true,"href":"https:\/\/oasisfm935.com.ar\/site\/wp-json\/wp\/v2\/media\/6549"}],"wp:attachment":[{"href":"https:\/\/oasisfm935.com.ar\/site\/wp-json\/wp\/v2\/media?parent=6548"}],"wp:term":[{"taxonomy":"category","embeddable":true,"href":"https:\/\/oasisfm935.com.ar\/site\/wp-json\/wp\/v2\/categories?post=6548"},{"taxonomy":"post_tag","embeddable":true,"href":"https:\/\/oasisfm935.com.ar\/site\/wp-json\/wp\/v2\/tags?post=6548"}],"curies":[{"name":"wp","href":"https:\/\/api.w.org\/{rel}","templated":true}]}}