{"id":655,"date":"2019-02-05T12:20:39","date_gmt":"2019-02-05T15:20:39","guid":{"rendered":"http:\/\/oasisfm935.com\/site\/?p=655"},"modified":"2019-02-05T12:20:39","modified_gmt":"2019-02-05T15:20:39","slug":"esclarecieron-dos-hurtos-en-ing-luiggi-la-autora-es-una-joven-de-esta-localidad-que-reside-en-edo-castex","status":"publish","type":"post","link":"https:\/\/oasisfm935.com.ar\/site\/esclarecieron-dos-hurtos-en-ing-luiggi-la-autora-es-una-joven-de-esta-localidad-que-reside-en-edo-castex\/","title":{"rendered":"Esclarecieron dos hurtos en Ing. Luiggi; la autora es una joven de esta localidad que reside en Edo. Castex"},"content":{"rendered":"<div class=\"itemIntroText\">\n<p><strong>La Polic\u00eda de Ingeniero Luiggi esclareci\u00f3 dos hurtos ocurridos en los \u00faltimos d\u00edas en la localidad. La autora es una joven del medio que desde hace alrededor de un a\u00f1o reside en Eduardo Castex.<\/strong><\/p>\n<\/div>\n<div class=\"itemFullText\">\n<blockquote><p>El subcomisario Jos\u00e9 Mar\u00eda C\u00f3rdoba, temporalmente a cargo de la Departamantal de Ingeniero Luiggi se refiri\u00f3 a dos hurtos ocurridos en esta localidad d\u00edas atr\u00e1s, uno de ellos en el marco de la Fiesta del Caballo.<\/p><\/blockquote>\n<p>C\u00f3rdoba inform\u00f3 a\u00a0<strong>Zonal Noticias<\/strong>\u00a0que en el marco de esta fiesta a una<strong>\u00a0mujer oriunda de Eduardo Castex le sustrajeron una cartera con celulares y documentaci\u00f3n personal.<\/strong><\/p>\n<p>En tanto en otro hecho ocurrido en la localida, otra vecina de Ingeniero Luiggi\u00a0 sufri\u00f3 el hurto de un celular en su domicilio,\u00a0 apartir de un ardid que habr\u00eda usado la autora del hecho para enga\u00f1ar a la mujer de avanzada edad.<\/p>\n<p><strong>Iniciadas las actuaciones estando a cargo el oficial N\u00e9stor Klund, se solicit\u00f3 autiorizaci\u00f3n a\u00a0 la Fiscal\u00eda de Delitos contra la propiedad para realizar un allanamiento con intervenci\u00f3n del Juez de Control , en un domicilio de Eduardo Castex.<\/strong><\/p>\n<blockquote><p>Una comisi\u00f3n policial a cargo de Klundt viaj\u00f3 a aquella ciudad y en conjunto con la polic\u00eda castense, recuperaron la cartera de la damnificada de aquella localidad que hab\u00eda participado en la Fiesta del Caballo y el m\u00f3vil que le hab\u00edan sustra\u00eddo a la a vecina de Ingeniero Luiggi.<\/p>\n<p><strong>La persona imputada en ambos hechos es una joven de Ingeniero Luiggi que se encuentra residiendo en Eduardo Castex.<\/strong><\/p><\/blockquote>\n<p>Trat\u00e1ndose de delitos menores porque no hay violencia en los hechos, a la chica se la notific\u00f3 en libertad a disposici\u00f3n de la Fiscal\u00eda de Delitos contra la propiedad con sede en General Pico, inform\u00f3 el jefe policial.<\/p>\n<hr \/>\n<p><strong>Hurtos en Emb. Martini<\/strong><\/p>\n<p>C\u00f3rdoba inform\u00f3 que en forma paralela siguen trabajando en la investigaci\u00f3n para esclarecer dos hurtos ocurridos en los \u00faltimos d\u00edas en Embajador Martini. donde dos vecinos sufrieron la sustracci\u00f3n de una bicileta y una motosierra.<\/p>\n<p><strong>\u00abEsperamos tener novedades en el corto plazo\u00bb<\/strong>, cerr\u00f3.<\/p>\n<\/div>\n<div class=\"oasis-despues-del-contenido\" id=\"oasis-1804557598\"><img loading=\"lazy\" decoding=\"async\" src=\"https:\/\/oasisfm935.com.ar\/site\/wp-content\/uploads\/2020\/08\/47806202-8741-49f2-a5c9-d2f930e5baa1.jpg\" alt=\"\"  srcset=\"https:\/\/oasisfm935.com.ar\/site\/wp-content\/uploads\/2020\/08\/47806202-8741-49f2-a5c9-d2f930e5baa1.jpg 1080w, https:\/\/oasisfm935.com.ar\/site\/wp-content\/uploads\/2020\/08\/47806202-8741-49f2-a5c9-d2f930e5baa1-300x300.jpg 300w, https:\/\/oasisfm935.com.ar\/site\/wp-content\/uploads\/2020\/08\/47806202-8741-49f2-a5c9-d2f930e5baa1-1024x1024.jpg 1024w, https:\/\/oasisfm935.com.ar\/site\/wp-content\/uploads\/2020\/08\/47806202-8741-49f2-a5c9-d2f930e5baa1-150x150.jpg 150w, https:\/\/oasisfm935.com.ar\/site\/wp-content\/uploads\/2020\/08\/47806202-8741-49f2-a5c9-d2f930e5baa1-768x768.jpg 768w\" sizes=\"(max-width: 1080px) 100vw, 1080px\" class=\"no-lazyload\" width=\"1080\" height=\"1080\"  style=\"display: inline-block;\" \/><\/div>","protected":false},"excerpt":{"rendered":"<p>La Polic\u00eda de Ingeniero Luiggi esclareci\u00f3 dos hurtos ocurridos en los \u00faltimos d\u00edas en la localidad. La autora es una joven del<\/p>\n","protected":false},"author":4,"featured_media":307,"comment_status":"closed","ping_status":"open","sticky":false,"template":"","format":"standard","meta":{"colormag_page_layout":"default_layout","footnotes":""},"categories":[2],"tags":[],"class_list":["post-655","post","type-post","status-publish","format-standard","has-post-thumbnail","hentry","category-noticias"],"_links":{"self":[{"href":"https:\/\/oasisfm935.com.ar\/site\/wp-json\/wp\/v2\/posts\/655","targetHints":{"allow":["GET"]}}],"collection":[{"href":"https:\/\/oasisfm935.com.ar\/site\/wp-json\/wp\/v2\/posts"}],"about":[{"href":"https:\/\/oasisfm935.com.ar\/site\/wp-json\/wp\/v2\/types\/post"}],"author":[{"embeddable":true,"href":"https:\/\/oasisfm935.com.ar\/site\/wp-json\/wp\/v2\/users\/4"}],"replies":[{"embeddable":true,"href":"https:\/\/oasisfm935.com.ar\/site\/wp-json\/wp\/v2\/comments?post=655"}],"version-history":[{"count":1,"href":"https:\/\/oasisfm935.com.ar\/site\/wp-json\/wp\/v2\/posts\/655\/revisions"}],"predecessor-version":[{"id":656,"href":"https:\/\/oasisfm935.com.ar\/site\/wp-json\/wp\/v2\/posts\/655\/revisions\/656"}],"wp:featuredmedia":[{"embeddable":true,"href":"https:\/\/oasisfm935.com.ar\/site\/wp-json\/wp\/v2\/media\/307"}],"wp:attachment":[{"href":"https:\/\/oasisfm935.com.ar\/site\/wp-json\/wp\/v2\/media?parent=655"}],"wp:term":[{"taxonomy":"category","embeddable":true,"href":"https:\/\/oasisfm935.com.ar\/site\/wp-json\/wp\/v2\/categories?post=655"},{"taxonomy":"post_tag","embeddable":true,"href":"https:\/\/oasisfm935.com.ar\/site\/wp-json\/wp\/v2\/tags?post=655"}],"curies":[{"name":"wp","href":"https:\/\/api.w.org\/{rel}","templated":true}]}}