{"id":6553,"date":"2020-09-02T19:26:08","date_gmt":"2020-09-02T22:26:08","guid":{"rendered":"http:\/\/oasisfm935.com\/site\/?p=6553"},"modified":"2020-09-02T19:26:17","modified_gmt":"2020-09-02T22:26:17","slug":"la-pampa-esta-en-pleno-pico-de-pandemia-no-hay-que-relajar","status":"publish","type":"post","link":"https:\/\/oasisfm935.com.ar\/site\/la-pampa-esta-en-pleno-pico-de-pandemia-no-hay-que-relajar\/","title":{"rendered":"\u00abLa Pampa est\u00e1 en pleno pico de pandemia, no hay que relajar\u00bb"},"content":{"rendered":"<div class=\"letracopetenota\">El director del Hospital Gobernador Centeno asegur\u00f3 que no hay que relajarse y continuar aplicando los protocolos sanitarios.<\/div>\n<div class=\"letranota text-justify padt15\">\n<p>En el marco del programa \u00abB\u00fasqueda Activa\u00bb que comenz\u00f3 en General Pico hace algunos d\u00edas en barrio Malvinas, esta ma\u00f1ana se desarroll\u00f3 una nueva actividad que comprendi\u00f3 la zona c\u00e9ntrica, contemplando el sector de arterias Avenida San Mart\u00edn a calle 10 y 19 a 9.<\/p>\n<p>Desde la hora 10 se reunieron en el centro de Jubilados Docentes numerosos colaboradores que recorrieron casa por casa, como as\u00ed tambi\u00e9n autoridades municiapales y hospitalarias. Fue, precisamente, el director del noscomio local, Esteban Vianello, quien se refiri\u00f3 a la iniciativa.<\/p>\n<p>\u00abEste caso es similar al del Malvinas. Hay dos gazebos distribuidos en este radio, de acuerdo al lugar en el que vivan se derivar\u00e1n a las personas con s\u00edntomas.\u00a0No sabemos a\u00fan qu\u00e9 cantidad de vecinos\u00a0ser\u00e1n registrados, porque hay comercios y casas habitables. Pero elegimos este espacio porque tiene caracter\u00edsticas particulares. Las que buscamos son las de movilidad social, entonces hay un poco concentraci\u00f3n de gente en esta zona\u00bb, afirm\u00f3.<\/p>\n<p>El director fue consultado sobre el actual estado sanitario de la ciudad y el conocimiento con el que cuenta la poblaci\u00f3n de las medidas a aplicar: \u00abYo creo que la necesidad que hay\u00a0no es de informar, pero s\u00ed de mantener alerta y nos pasa a cada uno de nosotros, que por ah\u00ed nos relajamos. Hoy La Pampa est\u00e1 en pleno pico de pandemia, tenemos 200 y pico de\u00a0casos. Este trabajo\u00a0es importante para mantener el alerta sanitaria, el alerta personal al decir, `cuidemonos porque no estamos en una fase como hace un mes y medio atr\u00e1s\u00b4\u00bb, afirm\u00f3.<\/p>\n<p>Tambi\u00e9n se refiri\u00f3 al cambio de temporada clim\u00e1tica y asegur\u00f3 que poco podr\u00eda variar la condici\u00f3n actual. As\u00ed es que hizo referencia al contexto del hemisferio norte, donde disfrutan del \u00abverano europeo\u00bb, pero siguen registrando casos positivos.<\/p>\n<\/div>\n<div class=\"oasis-despues-del-contenido\" id=\"oasis-2775530382\"><img loading=\"lazy\" decoding=\"async\" src=\"https:\/\/oasisfm935.com.ar\/site\/wp-content\/uploads\/2020\/08\/47806202-8741-49f2-a5c9-d2f930e5baa1.jpg\" alt=\"\"  srcset=\"https:\/\/oasisfm935.com.ar\/site\/wp-content\/uploads\/2020\/08\/47806202-8741-49f2-a5c9-d2f930e5baa1.jpg 1080w, https:\/\/oasisfm935.com.ar\/site\/wp-content\/uploads\/2020\/08\/47806202-8741-49f2-a5c9-d2f930e5baa1-300x300.jpg 300w, https:\/\/oasisfm935.com.ar\/site\/wp-content\/uploads\/2020\/08\/47806202-8741-49f2-a5c9-d2f930e5baa1-1024x1024.jpg 1024w, https:\/\/oasisfm935.com.ar\/site\/wp-content\/uploads\/2020\/08\/47806202-8741-49f2-a5c9-d2f930e5baa1-150x150.jpg 150w, https:\/\/oasisfm935.com.ar\/site\/wp-content\/uploads\/2020\/08\/47806202-8741-49f2-a5c9-d2f930e5baa1-768x768.jpg 768w\" sizes=\"(max-width: 1080px) 100vw, 1080px\" class=\"no-lazyload\" width=\"1080\" height=\"1080\"  style=\"display: inline-block;\" \/><\/div>","protected":false},"excerpt":{"rendered":"<p>El director del Hospital Gobernador Centeno asegur\u00f3 que no hay que relajarse y continuar aplicando los protocolos sanitarios. En el marco del<\/p>\n","protected":false},"author":4,"featured_media":6554,"comment_status":"closed","ping_status":"open","sticky":false,"template":"","format":"standard","meta":{"colormag_page_layout":"default_layout","footnotes":""},"categories":[2],"tags":[],"class_list":["post-6553","post","type-post","status-publish","format-standard","has-post-thumbnail","hentry","category-noticias"],"_links":{"self":[{"href":"https:\/\/oasisfm935.com.ar\/site\/wp-json\/wp\/v2\/posts\/6553","targetHints":{"allow":["GET"]}}],"collection":[{"href":"https:\/\/oasisfm935.com.ar\/site\/wp-json\/wp\/v2\/posts"}],"about":[{"href":"https:\/\/oasisfm935.com.ar\/site\/wp-json\/wp\/v2\/types\/post"}],"author":[{"embeddable":true,"href":"https:\/\/oasisfm935.com.ar\/site\/wp-json\/wp\/v2\/users\/4"}],"replies":[{"embeddable":true,"href":"https:\/\/oasisfm935.com.ar\/site\/wp-json\/wp\/v2\/comments?post=6553"}],"version-history":[{"count":1,"href":"https:\/\/oasisfm935.com.ar\/site\/wp-json\/wp\/v2\/posts\/6553\/revisions"}],"predecessor-version":[{"id":6555,"href":"https:\/\/oasisfm935.com.ar\/site\/wp-json\/wp\/v2\/posts\/6553\/revisions\/6555"}],"wp:featuredmedia":[{"embeddable":true,"href":"https:\/\/oasisfm935.com.ar\/site\/wp-json\/wp\/v2\/media\/6554"}],"wp:attachment":[{"href":"https:\/\/oasisfm935.com.ar\/site\/wp-json\/wp\/v2\/media?parent=6553"}],"wp:term":[{"taxonomy":"category","embeddable":true,"href":"https:\/\/oasisfm935.com.ar\/site\/wp-json\/wp\/v2\/categories?post=6553"},{"taxonomy":"post_tag","embeddable":true,"href":"https:\/\/oasisfm935.com.ar\/site\/wp-json\/wp\/v2\/tags?post=6553"}],"curies":[{"name":"wp","href":"https:\/\/api.w.org\/{rel}","templated":true}]}}