{"id":6557,"date":"2020-09-02T20:10:43","date_gmt":"2020-09-02T23:10:43","guid":{"rendered":"http:\/\/oasisfm935.com\/site\/?p=6557"},"modified":"2020-09-02T20:10:43","modified_gmt":"2020-09-02T23:10:43","slug":"covid-en-la-pampa-este-miercoles-35-muestras-dieron-negativo","status":"publish","type":"post","link":"https:\/\/oasisfm935.com.ar\/site\/covid-en-la-pampa-este-miercoles-35-muestras-dieron-negativo\/","title":{"rendered":"Covid en La Pampa: este mi\u00e9rcoles 35 muestras dieron negativo"},"content":{"rendered":"<p>El Gobierno de la Provincia de La Pampa a trav\u00e9s del Ministerio de Salud comunic\u00f3 que, en horas de la tarde de hoy, 2 de septiembre, se finaliz\u00f3 con el procesamiento de 35 muestras que resultaron negativas. Las mismas fueron analizadas en los laboratorios de Bacteriolog\u00eda del Hospital Lucio Molas, del Establecimiento Asistencial Gobernador Centeno y de la Direcci\u00f3n de Epidemiolog\u00eda.<\/p>\n<p><strong>\u201cB\u00fasqueda Activa\u201d en General Pico<\/strong><br \/>\nEl programa se desarroll\u00f3 en la Zona Centro de General Pico. Se visitaron 251 viviendas y se monitorearon 647 personas, de las cuales 8 presentaban s\u00edntomas de enfermedades respiratorias, motivo por el cual se les realiz\u00f3 el hisopado nasofar\u00edngeo y se les indic\u00f3 aislamiento. Se aguardan resultados<\/p>\n<p><strong>Situaci\u00f3n provincial :<\/strong><br \/>\nDesde el inicio de la pandemia, en la provincia, se registraron un total de 208 casos positivos para COVID-19, de los cuales 21 permanecen activos, 2 han fallecido y 185 se han recuperado, entre ellos una persona de Santa Rosa que se le otorg\u00f3 el alta m\u00e9dica en el d\u00eda de hoy. Los casos confirmados activos est\u00e1n distribuidos de la siguiente manera: 3 en la ciudad de Santa Rosa, 9 en General Pico, 1 en Catril\u00f3, 2 en Guatrach\u00e9, 2 La Adela, 1 en Macach\u00edn, 1 en 25 de Mayo y 2 en Gobernador Duval.<br \/>\nAl d\u00eda de la fecha se encuentran aisladas un total de 445 personas.<\/p>\n<p>Se encuentran internados un total de 3 pacientes confirmadas para COVID-19. En General Pico, en el Establecimiento Asistencial Gobernador Centeno: 1 persona en cl\u00ednica m\u00e9dica, en el Centro Emergente de Asistencia Respiratoria (CEAR) de la ciudad de Santa Rosa, se encuentran internadas 2 personas: una de ellas en cl\u00ednica m\u00e9dica y la otra ingres\u00f3 a cuidados intensivos.<\/p>\n<p><strong>Aclaraci\u00f3n sobre la carga de casos confirmados en el Reporte Nacional:<\/strong><br \/>\nEs importante aclarar que existe una diferencia de casos confirmados entre el Reporte Provincial y el Nacional ya que se asisten y notifican pacientes que viven en otras provincias que tienen domicilio legal (el que figura en el DNI) en la provincia de La Pampa.<\/p>\n<p>&nbsp;<\/p>\n<p>&nbsp;<\/p>\n<div class=\"oasis-despues-del-contenido\" id=\"oasis-3044824315\"><img loading=\"lazy\" decoding=\"async\" src=\"https:\/\/oasisfm935.com.ar\/site\/wp-content\/uploads\/2020\/08\/47806202-8741-49f2-a5c9-d2f930e5baa1.jpg\" alt=\"\"  srcset=\"https:\/\/oasisfm935.com.ar\/site\/wp-content\/uploads\/2020\/08\/47806202-8741-49f2-a5c9-d2f930e5baa1.jpg 1080w, https:\/\/oasisfm935.com.ar\/site\/wp-content\/uploads\/2020\/08\/47806202-8741-49f2-a5c9-d2f930e5baa1-300x300.jpg 300w, https:\/\/oasisfm935.com.ar\/site\/wp-content\/uploads\/2020\/08\/47806202-8741-49f2-a5c9-d2f930e5baa1-1024x1024.jpg 1024w, https:\/\/oasisfm935.com.ar\/site\/wp-content\/uploads\/2020\/08\/47806202-8741-49f2-a5c9-d2f930e5baa1-150x150.jpg 150w, https:\/\/oasisfm935.com.ar\/site\/wp-content\/uploads\/2020\/08\/47806202-8741-49f2-a5c9-d2f930e5baa1-768x768.jpg 768w\" sizes=\"(max-width: 1080px) 100vw, 1080px\" class=\"no-lazyload\" width=\"1080\" height=\"1080\"  style=\"display: inline-block;\" \/><\/div>","protected":false},"excerpt":{"rendered":"<p>El Gobierno de la Provincia de La Pampa a trav\u00e9s del Ministerio de Salud comunic\u00f3 que, en horas de la tarde de<\/p>\n","protected":false},"author":4,"featured_media":6558,"comment_status":"closed","ping_status":"open","sticky":false,"template":"","format":"standard","meta":{"colormag_page_layout":"default_layout","footnotes":""},"categories":[2],"tags":[],"class_list":["post-6557","post","type-post","status-publish","format-standard","has-post-thumbnail","hentry","category-noticias"],"_links":{"self":[{"href":"https:\/\/oasisfm935.com.ar\/site\/wp-json\/wp\/v2\/posts\/6557","targetHints":{"allow":["GET"]}}],"collection":[{"href":"https:\/\/oasisfm935.com.ar\/site\/wp-json\/wp\/v2\/posts"}],"about":[{"href":"https:\/\/oasisfm935.com.ar\/site\/wp-json\/wp\/v2\/types\/post"}],"author":[{"embeddable":true,"href":"https:\/\/oasisfm935.com.ar\/site\/wp-json\/wp\/v2\/users\/4"}],"replies":[{"embeddable":true,"href":"https:\/\/oasisfm935.com.ar\/site\/wp-json\/wp\/v2\/comments?post=6557"}],"version-history":[{"count":1,"href":"https:\/\/oasisfm935.com.ar\/site\/wp-json\/wp\/v2\/posts\/6557\/revisions"}],"predecessor-version":[{"id":6559,"href":"https:\/\/oasisfm935.com.ar\/site\/wp-json\/wp\/v2\/posts\/6557\/revisions\/6559"}],"wp:featuredmedia":[{"embeddable":true,"href":"https:\/\/oasisfm935.com.ar\/site\/wp-json\/wp\/v2\/media\/6558"}],"wp:attachment":[{"href":"https:\/\/oasisfm935.com.ar\/site\/wp-json\/wp\/v2\/media?parent=6557"}],"wp:term":[{"taxonomy":"category","embeddable":true,"href":"https:\/\/oasisfm935.com.ar\/site\/wp-json\/wp\/v2\/categories?post=6557"},{"taxonomy":"post_tag","embeddable":true,"href":"https:\/\/oasisfm935.com.ar\/site\/wp-json\/wp\/v2\/tags?post=6557"}],"curies":[{"name":"wp","href":"https:\/\/api.w.org\/{rel}","templated":true}]}}