{"id":6561,"date":"2020-09-03T08:27:41","date_gmt":"2020-09-03T11:27:41","guid":{"rendered":"http:\/\/oasisfm935.com\/site\/?p=6561"},"modified":"2020-09-03T08:29:02","modified_gmt":"2020-09-03T11:29:02","slug":"la-pampa-covid-19-fallecio-un-paciente-de-rio-colorado-con-domicilio-en-la-adela","status":"publish","type":"post","link":"https:\/\/oasisfm935.com.ar\/site\/la-pampa-covid-19-fallecio-un-paciente-de-rio-colorado-con-domicilio-en-la-adela\/","title":{"rendered":"La Pampa COVID-19: Falleci\u00f3 un paciente de R\u00edo Colorado con domicilio en La Adela."},"content":{"rendered":"<p>El Gobierno de la provincia de La Pampa\u00a0 a trav\u00e9s del Ministerio de Salud informa que en el d\u00eda de la fecha se ha producido el fallecimiento de una persona de sexo masculino de 63 a\u00f1os de edad, luego de cursar 7 d\u00edas de internaci\u00f3n por COVID.<\/p>\n<p>El paciente viv\u00eda en Rio Colorado, presentaba domicilio en La Adela, motivo por el cual fue asistido por el equipo de salud del Gobierno de La Pampa. Se encontraba internado en terapia intensiva\u00a0 del Centro de Enfermedades de Asistencia Respiratoria por presentar patolog\u00eda respiratoria\u00a0 COVID positivo, se trataba de un paciente con m\u00faltiples comorbilidades.<\/p>\n<div class=\"oasis-despues-del-contenido\" id=\"oasis-3311231025\"><img loading=\"lazy\" decoding=\"async\" src=\"https:\/\/oasisfm935.com.ar\/site\/wp-content\/uploads\/2020\/08\/47806202-8741-49f2-a5c9-d2f930e5baa1.jpg\" alt=\"\"  srcset=\"https:\/\/oasisfm935.com.ar\/site\/wp-content\/uploads\/2020\/08\/47806202-8741-49f2-a5c9-d2f930e5baa1.jpg 1080w, https:\/\/oasisfm935.com.ar\/site\/wp-content\/uploads\/2020\/08\/47806202-8741-49f2-a5c9-d2f930e5baa1-300x300.jpg 300w, https:\/\/oasisfm935.com.ar\/site\/wp-content\/uploads\/2020\/08\/47806202-8741-49f2-a5c9-d2f930e5baa1-1024x1024.jpg 1024w, https:\/\/oasisfm935.com.ar\/site\/wp-content\/uploads\/2020\/08\/47806202-8741-49f2-a5c9-d2f930e5baa1-150x150.jpg 150w, https:\/\/oasisfm935.com.ar\/site\/wp-content\/uploads\/2020\/08\/47806202-8741-49f2-a5c9-d2f930e5baa1-768x768.jpg 768w\" sizes=\"(max-width: 1080px) 100vw, 1080px\" class=\"no-lazyload\" width=\"1080\" height=\"1080\"  style=\"display: inline-block;\" \/><\/div>","protected":false},"excerpt":{"rendered":"<p>El Gobierno de la provincia de La Pampa\u00a0 a trav\u00e9s del Ministerio de Salud informa que en el d\u00eda de la fecha<\/p>\n","protected":false},"author":4,"featured_media":6562,"comment_status":"closed","ping_status":"open","sticky":false,"template":"","format":"standard","meta":{"colormag_page_layout":"default_layout","footnotes":""},"categories":[2],"tags":[],"class_list":["post-6561","post","type-post","status-publish","format-standard","has-post-thumbnail","hentry","category-noticias"],"_links":{"self":[{"href":"https:\/\/oasisfm935.com.ar\/site\/wp-json\/wp\/v2\/posts\/6561","targetHints":{"allow":["GET"]}}],"collection":[{"href":"https:\/\/oasisfm935.com.ar\/site\/wp-json\/wp\/v2\/posts"}],"about":[{"href":"https:\/\/oasisfm935.com.ar\/site\/wp-json\/wp\/v2\/types\/post"}],"author":[{"embeddable":true,"href":"https:\/\/oasisfm935.com.ar\/site\/wp-json\/wp\/v2\/users\/4"}],"replies":[{"embeddable":true,"href":"https:\/\/oasisfm935.com.ar\/site\/wp-json\/wp\/v2\/comments?post=6561"}],"version-history":[{"count":1,"href":"https:\/\/oasisfm935.com.ar\/site\/wp-json\/wp\/v2\/posts\/6561\/revisions"}],"predecessor-version":[{"id":6563,"href":"https:\/\/oasisfm935.com.ar\/site\/wp-json\/wp\/v2\/posts\/6561\/revisions\/6563"}],"wp:featuredmedia":[{"embeddable":true,"href":"https:\/\/oasisfm935.com.ar\/site\/wp-json\/wp\/v2\/media\/6562"}],"wp:attachment":[{"href":"https:\/\/oasisfm935.com.ar\/site\/wp-json\/wp\/v2\/media?parent=6561"}],"wp:term":[{"taxonomy":"category","embeddable":true,"href":"https:\/\/oasisfm935.com.ar\/site\/wp-json\/wp\/v2\/categories?post=6561"},{"taxonomy":"post_tag","embeddable":true,"href":"https:\/\/oasisfm935.com.ar\/site\/wp-json\/wp\/v2\/tags?post=6561"}],"curies":[{"name":"wp","href":"https:\/\/api.w.org\/{rel}","templated":true}]}}