{"id":6567,"date":"2020-09-03T12:48:34","date_gmt":"2020-09-03T15:48:34","guid":{"rendered":"http:\/\/oasisfm935.com\/site\/?p=6567"},"modified":"2020-09-03T12:49:37","modified_gmt":"2020-09-03T15:49:37","slug":"la-pampa-dos-nuevos-casos-positivos-en-la-provincia","status":"publish","type":"post","link":"https:\/\/oasisfm935.com.ar\/site\/la-pampa-dos-nuevos-casos-positivos-en-la-provincia\/","title":{"rendered":"La Pampa: Dos nuevos casos positivos en la provincia"},"content":{"rendered":"<p><strong>Uno en La Adela y otro en General Pico<\/strong>. Este \u00faltimo fue descubierto en el centro piquense durante la recorrida de ayer del programa \u00abB\u00fasqueda Activa\u00bb.\u00a0<strong>Hay 475 personas aisladas<\/strong>.<\/p>\n<p>El Gobierno Provincial, a trav\u00e9s del Ministerio de Salud, dio a conocer este mi\u00e9rcoles al mediod\u00eda que se finaliz\u00f3 con el procesamiento de 24 muestras de las cuales dos resultaron positivas para COVID-19.<\/p>\n<p>\u00abUna de ellas pertenece a la &#8216;b\u00fasqueda activa&#8217; realizada en el d\u00eda de ayer (por este mi\u00e9rcoles) en General Pico. Se est\u00e1 desarrollando la investigaci\u00f3n epidemiol\u00f3gica para establecer el nexo\u00bb, indic\u00f3 un comunicado de prensa oficial.<\/p>\n<p>\u00abEl otro caso confirmado reside en la localidad de La Adela, se trata de un contacto estrecho de un caso positivo que se encontraba cumpliendo aislamiento\u00bb, agreg\u00f3 el mismo informe sanitario.<\/p>\n<p><strong>22 casos activos<\/strong><\/p>\n<p>Desde el inicio de la pandemia en la Provincia, se registraron un total 210 casos positivos: 22 permanecen activos, 3 fallecieron y 185 se recuperaron.<\/p>\n<p>Los casos confirmados activos est\u00e1n distribuidos de la siguiente manera: 10 en General Pico, tres en Santa Rosa, dos en Guatrach\u00e9, dos en Gobernador Duval, dos en La Adela, uno en Catril\u00f3, uno en Macach\u00edn y uno en 25 de Mayo.<\/p>\n<p>Al d\u00eda de la fecha se encuentran aisladas un total de 475 personas. Adem\u00e1s, dos personas permenacen internadas en cl\u00ednica m\u00e9dica: una en el Hospital Gobernador Centeno de General Pico y otra en el Centro Emergente de Asistencia Respiratoria de Santa Rosa.<\/p>\n<div class=\"oasis-despues-del-contenido\" id=\"oasis-3757567891\"><img loading=\"lazy\" decoding=\"async\" src=\"https:\/\/oasisfm935.com.ar\/site\/wp-content\/uploads\/2020\/08\/47806202-8741-49f2-a5c9-d2f930e5baa1.jpg\" alt=\"\"  srcset=\"https:\/\/oasisfm935.com.ar\/site\/wp-content\/uploads\/2020\/08\/47806202-8741-49f2-a5c9-d2f930e5baa1.jpg 1080w, https:\/\/oasisfm935.com.ar\/site\/wp-content\/uploads\/2020\/08\/47806202-8741-49f2-a5c9-d2f930e5baa1-300x300.jpg 300w, https:\/\/oasisfm935.com.ar\/site\/wp-content\/uploads\/2020\/08\/47806202-8741-49f2-a5c9-d2f930e5baa1-1024x1024.jpg 1024w, https:\/\/oasisfm935.com.ar\/site\/wp-content\/uploads\/2020\/08\/47806202-8741-49f2-a5c9-d2f930e5baa1-150x150.jpg 150w, https:\/\/oasisfm935.com.ar\/site\/wp-content\/uploads\/2020\/08\/47806202-8741-49f2-a5c9-d2f930e5baa1-768x768.jpg 768w\" sizes=\"(max-width: 1080px) 100vw, 1080px\" class=\"no-lazyload\" width=\"1080\" height=\"1080\"  style=\"display: inline-block;\" \/><\/div>","protected":false},"excerpt":{"rendered":"<p>Uno en La Adela y otro en General Pico. Este \u00faltimo fue descubierto en el centro piquense durante la recorrida de ayer<\/p>\n","protected":false},"author":4,"featured_media":6568,"comment_status":"closed","ping_status":"open","sticky":false,"template":"","format":"standard","meta":{"colormag_page_layout":"default_layout","footnotes":""},"categories":[2],"tags":[],"class_list":["post-6567","post","type-post","status-publish","format-standard","has-post-thumbnail","hentry","category-noticias"],"_links":{"self":[{"href":"https:\/\/oasisfm935.com.ar\/site\/wp-json\/wp\/v2\/posts\/6567","targetHints":{"allow":["GET"]}}],"collection":[{"href":"https:\/\/oasisfm935.com.ar\/site\/wp-json\/wp\/v2\/posts"}],"about":[{"href":"https:\/\/oasisfm935.com.ar\/site\/wp-json\/wp\/v2\/types\/post"}],"author":[{"embeddable":true,"href":"https:\/\/oasisfm935.com.ar\/site\/wp-json\/wp\/v2\/users\/4"}],"replies":[{"embeddable":true,"href":"https:\/\/oasisfm935.com.ar\/site\/wp-json\/wp\/v2\/comments?post=6567"}],"version-history":[{"count":2,"href":"https:\/\/oasisfm935.com.ar\/site\/wp-json\/wp\/v2\/posts\/6567\/revisions"}],"predecessor-version":[{"id":6570,"href":"https:\/\/oasisfm935.com.ar\/site\/wp-json\/wp\/v2\/posts\/6567\/revisions\/6570"}],"wp:featuredmedia":[{"embeddable":true,"href":"https:\/\/oasisfm935.com.ar\/site\/wp-json\/wp\/v2\/media\/6568"}],"wp:attachment":[{"href":"https:\/\/oasisfm935.com.ar\/site\/wp-json\/wp\/v2\/media?parent=6567"}],"wp:term":[{"taxonomy":"category","embeddable":true,"href":"https:\/\/oasisfm935.com.ar\/site\/wp-json\/wp\/v2\/categories?post=6567"},{"taxonomy":"post_tag","embeddable":true,"href":"https:\/\/oasisfm935.com.ar\/site\/wp-json\/wp\/v2\/tags?post=6567"}],"curies":[{"name":"wp","href":"https:\/\/api.w.org\/{rel}","templated":true}]}}