{"id":6571,"date":"2020-09-03T20:26:00","date_gmt":"2020-09-03T23:26:00","guid":{"rendered":"http:\/\/oasisfm935.com\/site\/?p=6571"},"modified":"2020-09-03T20:26:00","modified_gmt":"2020-09-03T23:26:00","slug":"excelentes-noticias-regresan-los-encuentros-familiares-en-hogares-en-toda-la-pampa","status":"publish","type":"post","link":"https:\/\/oasisfm935.com.ar\/site\/excelentes-noticias-regresan-los-encuentros-familiares-en-hogares-en-toda-la-pampa\/","title":{"rendered":"\u00a1Excelentes noticias!: Regresan los encuentros familiares en hogares en toda La Pampa"},"content":{"rendered":"<p>Este s\u00e1bado y domingo de 10 a 18 horas se rehabilitan los encuentros familiares y sociales en domicilios particulares, con un m\u00e1ximo de 10 personas y respetando todos los protocolos sanitarios como el uso de tapaboca, de alcohol al 70 % y no compartir utensilios, mate y\/o bebidas del mismo envase.<\/p>\n<p>Ello surge de\u00a0la aprobaci\u00f3n del Gobierno Nacional que excepcion\u00f3 a La Pampa de la \u201cprohibici\u00f3n de realizar eventos sociales o familiares en espacios cerrados y en los domicilios de las personas\u201d fijada por el \u00faltimo DNU del presidente Alberto Fern\u00e1ndez.<\/p>\n<p>Dicha Decisi\u00f3n Administrativa emanada de la Jefatura de Gabinete\u00a0ser\u00e1 publicada en el Bolet\u00edn Oficial del d\u00eda de ma\u00f1ana.<\/p>\n<p>A efectos de facilitar estos encuentros, se mantendr\u00e1 vigente la autorizaci\u00f3n de circulaci\u00f3n entre localidades de la provincia de 7 a 21 horas.<\/p>\n<div class=\"oasis-despues-del-contenido\" id=\"oasis-2953343051\"><img loading=\"lazy\" decoding=\"async\" src=\"https:\/\/oasisfm935.com.ar\/site\/wp-content\/uploads\/2020\/08\/47806202-8741-49f2-a5c9-d2f930e5baa1.jpg\" alt=\"\"  srcset=\"https:\/\/oasisfm935.com.ar\/site\/wp-content\/uploads\/2020\/08\/47806202-8741-49f2-a5c9-d2f930e5baa1.jpg 1080w, https:\/\/oasisfm935.com.ar\/site\/wp-content\/uploads\/2020\/08\/47806202-8741-49f2-a5c9-d2f930e5baa1-300x300.jpg 300w, https:\/\/oasisfm935.com.ar\/site\/wp-content\/uploads\/2020\/08\/47806202-8741-49f2-a5c9-d2f930e5baa1-1024x1024.jpg 1024w, https:\/\/oasisfm935.com.ar\/site\/wp-content\/uploads\/2020\/08\/47806202-8741-49f2-a5c9-d2f930e5baa1-150x150.jpg 150w, https:\/\/oasisfm935.com.ar\/site\/wp-content\/uploads\/2020\/08\/47806202-8741-49f2-a5c9-d2f930e5baa1-768x768.jpg 768w\" sizes=\"(max-width: 1080px) 100vw, 1080px\" class=\"no-lazyload\" width=\"1080\" height=\"1080\"  style=\"display: inline-block;\" \/><\/div>","protected":false},"excerpt":{"rendered":"<p>Este s\u00e1bado y domingo de 10 a 18 horas se rehabilitan los encuentros familiares y sociales en domicilios particulares, con un m\u00e1ximo<\/p>\n","protected":false},"author":4,"featured_media":6572,"comment_status":"closed","ping_status":"open","sticky":false,"template":"","format":"standard","meta":{"colormag_page_layout":"default_layout","footnotes":""},"categories":[2],"tags":[],"class_list":["post-6571","post","type-post","status-publish","format-standard","has-post-thumbnail","hentry","category-noticias"],"_links":{"self":[{"href":"https:\/\/oasisfm935.com.ar\/site\/wp-json\/wp\/v2\/posts\/6571","targetHints":{"allow":["GET"]}}],"collection":[{"href":"https:\/\/oasisfm935.com.ar\/site\/wp-json\/wp\/v2\/posts"}],"about":[{"href":"https:\/\/oasisfm935.com.ar\/site\/wp-json\/wp\/v2\/types\/post"}],"author":[{"embeddable":true,"href":"https:\/\/oasisfm935.com.ar\/site\/wp-json\/wp\/v2\/users\/4"}],"replies":[{"embeddable":true,"href":"https:\/\/oasisfm935.com.ar\/site\/wp-json\/wp\/v2\/comments?post=6571"}],"version-history":[{"count":1,"href":"https:\/\/oasisfm935.com.ar\/site\/wp-json\/wp\/v2\/posts\/6571\/revisions"}],"predecessor-version":[{"id":6573,"href":"https:\/\/oasisfm935.com.ar\/site\/wp-json\/wp\/v2\/posts\/6571\/revisions\/6573"}],"wp:featuredmedia":[{"embeddable":true,"href":"https:\/\/oasisfm935.com.ar\/site\/wp-json\/wp\/v2\/media\/6572"}],"wp:attachment":[{"href":"https:\/\/oasisfm935.com.ar\/site\/wp-json\/wp\/v2\/media?parent=6571"}],"wp:term":[{"taxonomy":"category","embeddable":true,"href":"https:\/\/oasisfm935.com.ar\/site\/wp-json\/wp\/v2\/categories?post=6571"},{"taxonomy":"post_tag","embeddable":true,"href":"https:\/\/oasisfm935.com.ar\/site\/wp-json\/wp\/v2\/tags?post=6571"}],"curies":[{"name":"wp","href":"https:\/\/api.w.org\/{rel}","templated":true}]}}