{"id":6575,"date":"2020-09-03T20:31:20","date_gmt":"2020-09-03T23:31:20","guid":{"rendered":"http:\/\/oasisfm935.com\/site\/?p=6575"},"modified":"2020-09-03T20:31:20","modified_gmt":"2020-09-03T23:31:20","slug":"la-pampa-covid-19-tres-casos-positivos-1-corresponde-a-toay-y-2-a-la-localidad-de-la-adela","status":"publish","type":"post","link":"https:\/\/oasisfm935.com.ar\/site\/la-pampa-covid-19-tres-casos-positivos-1-corresponde-a-toay-y-2-a-la-localidad-de-la-adela\/","title":{"rendered":"La Pampa COVID-19: tres casos positivos, 1 corresponde a Toay y 2 a la localidad de La Adela."},"content":{"rendered":"<p class=\"lead nota-detalle-bajada\">El Gobierno de la Provincia de La Pampa a trav\u00e9s del Ministerio de Salud comunic\u00f3 que en horas de la tarde del d\u00eda 3 de septiembre, se finaliz\u00f3 con el procesamiento de 23 muestras, de las cuales tres resultaron positivas para COVID-19.<\/p>\n<div class=\"nota-detalle-cuerpo\">Uno de ellos pertenece a la localidad de Toay, es empleado de DAGSA de la Municipalidad de Santa Rosa, que frente a la presencia de s\u00edntomas consult\u00f3 al Sistema de Salud P\u00fablica, se le realiz\u00f3 el hisopado y su resultado fue positivo para COVID-19. Desde la Direcci\u00f3n de Epidemiolog\u00eda se est\u00e1 desarrollando la investigaci\u00f3n correspondiente para establecer el nexo. Los otros dos casos pertenecen a la localidad de La Adela, se trata de contactos estrechos que se encontraban cumpliendo aislamiento.<\/p>\n<p><strong>\u00abB\u00fasqueda Activa\u201d en Santa Rosa\u00a0<\/strong><br \/>\nEn el d\u00eda de la fecha se realiz\u00f3 relevamiento en los barrios N\u00e9stor Kirchner y Esperanza de la ciudad capital. Se evaluaron 351 viviendas y se monitore\u00f3 a 1.583 personas. Tres de ellas presentaron s\u00edntomas de enfermedades respiratorias y fueron hisopadas.<\/p>\n<p><strong>Situaci\u00f3n provincial\u00a0<\/strong><br \/>\nDesde el inicio de la pandemia, en la Provincia, se registraron un total de 213 casos positivos para COVID-19, de los cuales 25 permanecen activos, 3 fallecidos y 185 recuperados. Los casos confirmados activos est\u00e1n distribuidos de la siguiente manera: 3 en la ciudad de Santa Rosa, 10 en General Pico, 1 en Catril\u00f3, 2 en Guatrach\u00e9, 4 en La Adela, 1 en Macach\u00edn, 1 en 25 de Mayo y 2 en Gobernador Duval y 1 en Toay.<br \/>\nAl d\u00eda de la fecha se encuentran aisladas un total de 485 personas.<br \/>\nEst\u00e1n internadas 2 personas en cl\u00ednica m\u00e9dica confirmadas para COVID-19, una de ellas en el Establecimiento Asistencial Gobernador Centeno de la ciudad de Santa Rosa y la otra en el Centro Emergente de Asistencia Respiratoria (CEAR) de la ciudad de Santa Rosa.<\/div>\n<footer>\n<div class=\"row\">\n<div class=\"col-md-12 col-xs-12\"><\/div>\n<\/div>\n<\/footer>\n<div class=\"oasis-despues-del-contenido\" id=\"oasis-3051122848\"><img loading=\"lazy\" decoding=\"async\" src=\"https:\/\/oasisfm935.com.ar\/site\/wp-content\/uploads\/2020\/08\/47806202-8741-49f2-a5c9-d2f930e5baa1.jpg\" alt=\"\"  srcset=\"https:\/\/oasisfm935.com.ar\/site\/wp-content\/uploads\/2020\/08\/47806202-8741-49f2-a5c9-d2f930e5baa1.jpg 1080w, https:\/\/oasisfm935.com.ar\/site\/wp-content\/uploads\/2020\/08\/47806202-8741-49f2-a5c9-d2f930e5baa1-300x300.jpg 300w, https:\/\/oasisfm935.com.ar\/site\/wp-content\/uploads\/2020\/08\/47806202-8741-49f2-a5c9-d2f930e5baa1-1024x1024.jpg 1024w, https:\/\/oasisfm935.com.ar\/site\/wp-content\/uploads\/2020\/08\/47806202-8741-49f2-a5c9-d2f930e5baa1-150x150.jpg 150w, https:\/\/oasisfm935.com.ar\/site\/wp-content\/uploads\/2020\/08\/47806202-8741-49f2-a5c9-d2f930e5baa1-768x768.jpg 768w\" sizes=\"(max-width: 1080px) 100vw, 1080px\" class=\"no-lazyload\" width=\"1080\" height=\"1080\"  style=\"display: inline-block;\" \/><\/div>","protected":false},"excerpt":{"rendered":"<p>El Gobierno de la Provincia de La Pampa a trav\u00e9s del Ministerio de Salud comunic\u00f3 que en horas de la tarde del<\/p>\n","protected":false},"author":4,"featured_media":6576,"comment_status":"closed","ping_status":"open","sticky":false,"template":"","format":"standard","meta":{"colormag_page_layout":"default_layout","footnotes":""},"categories":[2],"tags":[],"class_list":["post-6575","post","type-post","status-publish","format-standard","has-post-thumbnail","hentry","category-noticias"],"_links":{"self":[{"href":"https:\/\/oasisfm935.com.ar\/site\/wp-json\/wp\/v2\/posts\/6575","targetHints":{"allow":["GET"]}}],"collection":[{"href":"https:\/\/oasisfm935.com.ar\/site\/wp-json\/wp\/v2\/posts"}],"about":[{"href":"https:\/\/oasisfm935.com.ar\/site\/wp-json\/wp\/v2\/types\/post"}],"author":[{"embeddable":true,"href":"https:\/\/oasisfm935.com.ar\/site\/wp-json\/wp\/v2\/users\/4"}],"replies":[{"embeddable":true,"href":"https:\/\/oasisfm935.com.ar\/site\/wp-json\/wp\/v2\/comments?post=6575"}],"version-history":[{"count":1,"href":"https:\/\/oasisfm935.com.ar\/site\/wp-json\/wp\/v2\/posts\/6575\/revisions"}],"predecessor-version":[{"id":6577,"href":"https:\/\/oasisfm935.com.ar\/site\/wp-json\/wp\/v2\/posts\/6575\/revisions\/6577"}],"wp:featuredmedia":[{"embeddable":true,"href":"https:\/\/oasisfm935.com.ar\/site\/wp-json\/wp\/v2\/media\/6576"}],"wp:attachment":[{"href":"https:\/\/oasisfm935.com.ar\/site\/wp-json\/wp\/v2\/media?parent=6575"}],"wp:term":[{"taxonomy":"category","embeddable":true,"href":"https:\/\/oasisfm935.com.ar\/site\/wp-json\/wp\/v2\/categories?post=6575"},{"taxonomy":"post_tag","embeddable":true,"href":"https:\/\/oasisfm935.com.ar\/site\/wp-json\/wp\/v2\/tags?post=6575"}],"curies":[{"name":"wp","href":"https:\/\/api.w.org\/{rel}","templated":true}]}}