{"id":6582,"date":"2020-09-04T13:46:46","date_gmt":"2020-09-04T16:46:46","guid":{"rendered":"http:\/\/oasisfm935.com\/site\/?p=6582"},"modified":"2020-09-04T13:46:46","modified_gmt":"2020-09-04T16:46:46","slug":"la-pampa-de-27-muestras-analizadas-todas-fueron-negativas","status":"publish","type":"post","link":"https:\/\/oasisfm935.com.ar\/site\/la-pampa-de-27-muestras-analizadas-todas-fueron-negativas\/","title":{"rendered":"La Pampa: De 27 muestras analizadas, todas fueron \u00abnegativas\u00bb"},"content":{"rendered":"<p>La cifra surge de los datos dados a conocer este viernes al mediod\u00eda por el Ministerio de Salud.\u00a0<strong>El n\u00famero de personas aislados salt\u00f3 de 485 a 555<\/strong>.<\/p>\n<p>Desde el inicio de la pandemia, en La Pampa se registraron un total 213 casos positivos: 25 permanecen activos, tres fallecieron y 185 se recuperaron.<\/p>\n<p>Los casos confirmados activos est\u00e1n distribuidos de la siguiente manera:\u00a0<strong>10 en General Pico, cuatro en La Adela, tres en Santa Rosa, dos en Guatrach\u00e9, dos en Gobernador Duval, uno en Catril\u00f3, uno en Macach\u00edn, uno en 25 de Mayo y uno en Toay<\/strong>.<\/p>\n<p>Al d\u00eda de la fecha se encuentran aisladas un total de 555 personas (hasta ayer eran 485) y\u00a0<strong>las personas en internadas en cl\u00ednica m\u00e9dica son dos:\u00a0<\/strong>\u00a0una en el Hospital Gobernador Centeno de Genera Pico y otra en el Centro Emergente de Asistencia Respiratoria de Santa Rosa.<\/p>\n<div class=\"oasis-despues-del-contenido\" id=\"oasis-2536394828\"><img loading=\"lazy\" decoding=\"async\" src=\"https:\/\/oasisfm935.com.ar\/site\/wp-content\/uploads\/2020\/08\/47806202-8741-49f2-a5c9-d2f930e5baa1.jpg\" alt=\"\"  srcset=\"https:\/\/oasisfm935.com.ar\/site\/wp-content\/uploads\/2020\/08\/47806202-8741-49f2-a5c9-d2f930e5baa1.jpg 1080w, https:\/\/oasisfm935.com.ar\/site\/wp-content\/uploads\/2020\/08\/47806202-8741-49f2-a5c9-d2f930e5baa1-300x300.jpg 300w, https:\/\/oasisfm935.com.ar\/site\/wp-content\/uploads\/2020\/08\/47806202-8741-49f2-a5c9-d2f930e5baa1-1024x1024.jpg 1024w, https:\/\/oasisfm935.com.ar\/site\/wp-content\/uploads\/2020\/08\/47806202-8741-49f2-a5c9-d2f930e5baa1-150x150.jpg 150w, https:\/\/oasisfm935.com.ar\/site\/wp-content\/uploads\/2020\/08\/47806202-8741-49f2-a5c9-d2f930e5baa1-768x768.jpg 768w\" sizes=\"(max-width: 1080px) 100vw, 1080px\" class=\"no-lazyload\" width=\"1080\" height=\"1080\"  style=\"display: inline-block;\" \/><\/div>","protected":false},"excerpt":{"rendered":"<p>La cifra surge de los datos dados a conocer este viernes al mediod\u00eda por el Ministerio de Salud.\u00a0El n\u00famero de personas aislados<\/p>\n","protected":false},"author":4,"featured_media":6583,"comment_status":"closed","ping_status":"open","sticky":false,"template":"","format":"standard","meta":{"colormag_page_layout":"default_layout","footnotes":""},"categories":[2],"tags":[],"class_list":["post-6582","post","type-post","status-publish","format-standard","has-post-thumbnail","hentry","category-noticias"],"_links":{"self":[{"href":"https:\/\/oasisfm935.com.ar\/site\/wp-json\/wp\/v2\/posts\/6582","targetHints":{"allow":["GET"]}}],"collection":[{"href":"https:\/\/oasisfm935.com.ar\/site\/wp-json\/wp\/v2\/posts"}],"about":[{"href":"https:\/\/oasisfm935.com.ar\/site\/wp-json\/wp\/v2\/types\/post"}],"author":[{"embeddable":true,"href":"https:\/\/oasisfm935.com.ar\/site\/wp-json\/wp\/v2\/users\/4"}],"replies":[{"embeddable":true,"href":"https:\/\/oasisfm935.com.ar\/site\/wp-json\/wp\/v2\/comments?post=6582"}],"version-history":[{"count":1,"href":"https:\/\/oasisfm935.com.ar\/site\/wp-json\/wp\/v2\/posts\/6582\/revisions"}],"predecessor-version":[{"id":6584,"href":"https:\/\/oasisfm935.com.ar\/site\/wp-json\/wp\/v2\/posts\/6582\/revisions\/6584"}],"wp:featuredmedia":[{"embeddable":true,"href":"https:\/\/oasisfm935.com.ar\/site\/wp-json\/wp\/v2\/media\/6583"}],"wp:attachment":[{"href":"https:\/\/oasisfm935.com.ar\/site\/wp-json\/wp\/v2\/media?parent=6582"}],"wp:term":[{"taxonomy":"category","embeddable":true,"href":"https:\/\/oasisfm935.com.ar\/site\/wp-json\/wp\/v2\/categories?post=6582"},{"taxonomy":"post_tag","embeddable":true,"href":"https:\/\/oasisfm935.com.ar\/site\/wp-json\/wp\/v2\/tags?post=6582"}],"curies":[{"name":"wp","href":"https:\/\/api.w.org\/{rel}","templated":true}]}}