{"id":6588,"date":"2020-09-04T16:03:36","date_gmt":"2020-09-04T19:03:36","guid":{"rendered":"http:\/\/oasisfm935.com\/site\/?p=6588"},"modified":"2020-09-04T16:03:36","modified_gmt":"2020-09-04T19:03:36","slug":"anses-prorrogo-por-45-dias-el-pago-de-la-deuda-de-la-pampa","status":"publish","type":"post","link":"https:\/\/oasisfm935.com.ar\/site\/anses-prorrogo-por-45-dias-el-pago-de-la-deuda-de-la-pampa\/","title":{"rendered":"ANSES prorrog\u00f3 por 45 d\u00edas el pago de la deuda de La Pampa"},"content":{"rendered":"<p><strong>Se trata del pasivo existente desde 2016<\/strong>. El pr\u00e9stamo de libre disponibilidad hab\u00eda sido otorgado dentro del Acuerdo Naci\u00f3n y la Provincia en ese a\u00f1o.<\/p>\n<p>Mediante la Resoluci\u00f3n 6\/2020 publicada este viernes en el Bolet\u00edn Oficial, la ANSES decidi\u00f3\u00a0<strong>extender por 45 d\u00edas corridos el vencimiento del pago de capital por la deuda que mantiene la provincia de La Pampa con el organismo previsional desde 2016<\/strong>.<\/p>\n<p>El pr\u00e9stamo de libre disponibilidad hab\u00eda sido otorgado dentro del Acuerdo Naci\u00f3n &#8211; Provincia en el mencionado a\u00f1o.<\/p>\n<p><strong>\u00abLa medida responde a un pedido del gobernador pampeano, y se enmarca en las pol\u00edticas p\u00fablicas que el Gobierno Nacional est\u00e1 llevando a cabo para disipar el impacto econ\u00f3mico negativo generado por el Aislamiento Social, Preventivo y Obligatorio (ASPO) en el pa\u00eds\u00bb<\/strong>, destac\u00f3 un comunicado de prensa del organismo nacional enviado a Fm Oasis.<\/p>\n<p>El acuerdo ya hab\u00eda sido anunciado el pasado 20 de agosto.\u00a0<strong>Por ese concepto La Pampa deber\u00eda pagar en el a\u00f1o $531 millones<\/strong>.<\/p>\n<div class=\"oasis-despues-del-contenido\" id=\"oasis-1092958274\"><img loading=\"lazy\" decoding=\"async\" src=\"https:\/\/oasisfm935.com.ar\/site\/wp-content\/uploads\/2020\/08\/47806202-8741-49f2-a5c9-d2f930e5baa1.jpg\" alt=\"\"  srcset=\"https:\/\/oasisfm935.com.ar\/site\/wp-content\/uploads\/2020\/08\/47806202-8741-49f2-a5c9-d2f930e5baa1.jpg 1080w, https:\/\/oasisfm935.com.ar\/site\/wp-content\/uploads\/2020\/08\/47806202-8741-49f2-a5c9-d2f930e5baa1-300x300.jpg 300w, https:\/\/oasisfm935.com.ar\/site\/wp-content\/uploads\/2020\/08\/47806202-8741-49f2-a5c9-d2f930e5baa1-1024x1024.jpg 1024w, https:\/\/oasisfm935.com.ar\/site\/wp-content\/uploads\/2020\/08\/47806202-8741-49f2-a5c9-d2f930e5baa1-150x150.jpg 150w, https:\/\/oasisfm935.com.ar\/site\/wp-content\/uploads\/2020\/08\/47806202-8741-49f2-a5c9-d2f930e5baa1-768x768.jpg 768w\" sizes=\"(max-width: 1080px) 100vw, 1080px\" class=\"no-lazyload\" width=\"1080\" height=\"1080\"  style=\"display: inline-block;\" \/><\/div>","protected":false},"excerpt":{"rendered":"<p>Se trata del pasivo existente desde 2016. El pr\u00e9stamo de libre disponibilidad hab\u00eda sido otorgado dentro del Acuerdo Naci\u00f3n y la Provincia<\/p>\n","protected":false},"author":4,"featured_media":6589,"comment_status":"closed","ping_status":"open","sticky":false,"template":"","format":"standard","meta":{"colormag_page_layout":"default_layout","footnotes":""},"categories":[2],"tags":[],"class_list":["post-6588","post","type-post","status-publish","format-standard","has-post-thumbnail","hentry","category-noticias"],"_links":{"self":[{"href":"https:\/\/oasisfm935.com.ar\/site\/wp-json\/wp\/v2\/posts\/6588","targetHints":{"allow":["GET"]}}],"collection":[{"href":"https:\/\/oasisfm935.com.ar\/site\/wp-json\/wp\/v2\/posts"}],"about":[{"href":"https:\/\/oasisfm935.com.ar\/site\/wp-json\/wp\/v2\/types\/post"}],"author":[{"embeddable":true,"href":"https:\/\/oasisfm935.com.ar\/site\/wp-json\/wp\/v2\/users\/4"}],"replies":[{"embeddable":true,"href":"https:\/\/oasisfm935.com.ar\/site\/wp-json\/wp\/v2\/comments?post=6588"}],"version-history":[{"count":1,"href":"https:\/\/oasisfm935.com.ar\/site\/wp-json\/wp\/v2\/posts\/6588\/revisions"}],"predecessor-version":[{"id":6590,"href":"https:\/\/oasisfm935.com.ar\/site\/wp-json\/wp\/v2\/posts\/6588\/revisions\/6590"}],"wp:featuredmedia":[{"embeddable":true,"href":"https:\/\/oasisfm935.com.ar\/site\/wp-json\/wp\/v2\/media\/6589"}],"wp:attachment":[{"href":"https:\/\/oasisfm935.com.ar\/site\/wp-json\/wp\/v2\/media?parent=6588"}],"wp:term":[{"taxonomy":"category","embeddable":true,"href":"https:\/\/oasisfm935.com.ar\/site\/wp-json\/wp\/v2\/categories?post=6588"},{"taxonomy":"post_tag","embeddable":true,"href":"https:\/\/oasisfm935.com.ar\/site\/wp-json\/wp\/v2\/tags?post=6588"}],"curies":[{"name":"wp","href":"https:\/\/api.w.org\/{rel}","templated":true}]}}