{"id":6605,"date":"2020-09-05T09:18:08","date_gmt":"2020-09-05T12:18:08","guid":{"rendered":"http:\/\/oasisfm935.com\/site\/?p=6605"},"modified":"2020-09-05T09:18:08","modified_gmt":"2020-09-05T12:18:08","slug":"luiggi-crea-vos-tambien-te-podes-sumar","status":"publish","type":"post","link":"https:\/\/oasisfm935.com.ar\/site\/luiggi-crea-vos-tambien-te-podes-sumar\/","title":{"rendered":"\u00abLuiggi crea\u00bb: vos tambi\u00e9n te pod\u00e9s sumar"},"content":{"rendered":"<p>\u00abLuiggi crea\u00bb es una iniciativa de las Secretar\u00edas de Cultura y Relaciones Institucionales en este contexto de pandemia, para visibilizar a los emprendedores locales y facilitar la venta de sus producciones en la localidad.<\/p>\n<blockquote class=\"wp-block-quote\"><p>Una propuesta similar se impuls\u00f3 en el D\u00eda del Padre con una\u00a0<strong>Feria Virtual\u00a0<\/strong>donde a trav\u00e9s de las redes del municipio, se expusieron los distintos productos que fabrican emprendedores locales para faciliar el acercamiento entre productores y consumidores.<\/p><\/blockquote>\n<p>Luego se llev\u00f3 adelante la Feria Virtual \u00abD\u00eda del Amigo\u00bb y ahora se suma \u00ab<strong>Luiggi crea<\/strong>\u00bb en el Mes del Aniversario de la localidad.<\/p>\n<p><strong>El objetivo de esta innovadora propuesta pensada en \u00e9poca de pandemia es mostrar y fomentar el consumo a nivel local.<\/strong><\/p>\n<blockquote class=\"wp-block-quote\"><p>\n\u00abLa idea es convocar a los artesanos y emprendedores a que se comuniquen con nosotros. Nos acercamos a su domicilio, sacamos una foto de lo que producen y luego con todo ese material, armamos un dise\u00f1o y lo subimos a la p\u00e1gina del Gobierno local como para acercar una nueva propuesta y que tengan la posibilidad de dar a conocer lo que producen\u00bb,indicaron desde la Secretar\u00eda de Cultura.<\/p><\/blockquote>\n<p><strong>\u00abAdem\u00e1s el objetivo es que puedan vender sus productos para, de alg\u00fan modo, activar su econom\u00eda,\u201d\u00a0<\/strong>manifestaron desde el \u00e1rea de Cultura.<\/p>\n<figure class=\"wp-block-gallery columns-1 is-cropped\">\n<ul class=\"blocks-gallery-grid\">\n<li class=\"blocks-gallery-item\">\n<figure><img loading=\"lazy\" decoding=\"async\" class=\"wp-image-47640 lazy-loaded\" src=\"https:\/\/zonalnoticias.com\/wp-content\/uploads\/2020\/09\/luiggi-crea.png\" alt=\"\" width=\"940\" height=\"788\" data-lazy-type=\"image\" data-src=\"https:\/\/zonalnoticias.com\/wp-content\/uploads\/2020\/09\/luiggi-crea.png\" data-id=\"47640\" data-full-url=\"https:\/\/zonalnoticias.com\/wp-content\/uploads\/2020\/09\/luiggi-crea.png\" data-link=\"https:\/\/zonalnoticias.com\/?attachment_id=47640\" data-srcset=\"\" \/><\/figure>\n<\/li>\n<\/ul>\n<\/figure>\n<p>Seg\u00fan lo informado ,\u00a0<strong>el objetivo de estas ferias virtuales es ofrecer nuevas posibilidades para darle alg\u00fan espacio a este sector que por ah\u00ed tambi\u00e9n est\u00e1 muy complicado con lo que produce en este contexto de pandemia.<\/strong><\/p>\n<blockquote class=\"wp-block-quote\"><p>\u201cTodos los productos de los emprendedores que se sumen a esta propuesta son subidos a la p\u00e1gina del gobierno donde van a aparecer los nombres de las personas, de los emprendedores y artesanos con su n\u00famero de tel\u00e9fono para que los vecinos y las vecinas que deseen adquirir alg\u00fan presente, puedan hacerlo a partir de esta nueva posibilidad,\u201d explic\u00f3 la referente de Cultura Norma Testa.<\/p>\n<p>Fuente Zonal Noticias<\/p><\/blockquote>\n<div class=\"oasis-despues-del-contenido\" id=\"oasis-3144644847\"><img loading=\"lazy\" decoding=\"async\" src=\"https:\/\/oasisfm935.com.ar\/site\/wp-content\/uploads\/2020\/08\/47806202-8741-49f2-a5c9-d2f930e5baa1.jpg\" alt=\"\"  srcset=\"https:\/\/oasisfm935.com.ar\/site\/wp-content\/uploads\/2020\/08\/47806202-8741-49f2-a5c9-d2f930e5baa1.jpg 1080w, https:\/\/oasisfm935.com.ar\/site\/wp-content\/uploads\/2020\/08\/47806202-8741-49f2-a5c9-d2f930e5baa1-300x300.jpg 300w, https:\/\/oasisfm935.com.ar\/site\/wp-content\/uploads\/2020\/08\/47806202-8741-49f2-a5c9-d2f930e5baa1-1024x1024.jpg 1024w, https:\/\/oasisfm935.com.ar\/site\/wp-content\/uploads\/2020\/08\/47806202-8741-49f2-a5c9-d2f930e5baa1-150x150.jpg 150w, https:\/\/oasisfm935.com.ar\/site\/wp-content\/uploads\/2020\/08\/47806202-8741-49f2-a5c9-d2f930e5baa1-768x768.jpg 768w\" sizes=\"(max-width: 1080px) 100vw, 1080px\" class=\"no-lazyload\" width=\"1080\" height=\"1080\"  style=\"display: inline-block;\" \/><\/div>","protected":false},"excerpt":{"rendered":"<p>\u00abLuiggi crea\u00bb es una iniciativa de las Secretar\u00edas de Cultura y Relaciones Institucionales en este contexto de pandemia, para visibilizar a los<\/p>\n","protected":false},"author":4,"featured_media":6606,"comment_status":"closed","ping_status":"open","sticky":false,"template":"","format":"standard","meta":{"colormag_page_layout":"default_layout","footnotes":""},"categories":[2],"tags":[],"class_list":["post-6605","post","type-post","status-publish","format-standard","has-post-thumbnail","hentry","category-noticias"],"_links":{"self":[{"href":"https:\/\/oasisfm935.com.ar\/site\/wp-json\/wp\/v2\/posts\/6605","targetHints":{"allow":["GET"]}}],"collection":[{"href":"https:\/\/oasisfm935.com.ar\/site\/wp-json\/wp\/v2\/posts"}],"about":[{"href":"https:\/\/oasisfm935.com.ar\/site\/wp-json\/wp\/v2\/types\/post"}],"author":[{"embeddable":true,"href":"https:\/\/oasisfm935.com.ar\/site\/wp-json\/wp\/v2\/users\/4"}],"replies":[{"embeddable":true,"href":"https:\/\/oasisfm935.com.ar\/site\/wp-json\/wp\/v2\/comments?post=6605"}],"version-history":[{"count":1,"href":"https:\/\/oasisfm935.com.ar\/site\/wp-json\/wp\/v2\/posts\/6605\/revisions"}],"predecessor-version":[{"id":6607,"href":"https:\/\/oasisfm935.com.ar\/site\/wp-json\/wp\/v2\/posts\/6605\/revisions\/6607"}],"wp:featuredmedia":[{"embeddable":true,"href":"https:\/\/oasisfm935.com.ar\/site\/wp-json\/wp\/v2\/media\/6606"}],"wp:attachment":[{"href":"https:\/\/oasisfm935.com.ar\/site\/wp-json\/wp\/v2\/media?parent=6605"}],"wp:term":[{"taxonomy":"category","embeddable":true,"href":"https:\/\/oasisfm935.com.ar\/site\/wp-json\/wp\/v2\/categories?post=6605"},{"taxonomy":"post_tag","embeddable":true,"href":"https:\/\/oasisfm935.com.ar\/site\/wp-json\/wp\/v2\/tags?post=6605"}],"curies":[{"name":"wp","href":"https:\/\/api.w.org\/{rel}","templated":true}]}}