{"id":6611,"date":"2020-09-05T12:19:50","date_gmt":"2020-09-05T15:19:50","guid":{"rendered":"http:\/\/oasisfm935.com\/site\/?p=6611"},"modified":"2020-09-05T12:19:50","modified_gmt":"2020-09-05T15:19:50","slug":"ziliotto-congelo-los-salarios-de-los-funcionarios-de-los-tres-poderes","status":"publish","type":"post","link":"https:\/\/oasisfm935.com.ar\/site\/ziliotto-congelo-los-salarios-de-los-funcionarios-de-los-tres-poderes\/","title":{"rendered":"Ziliotto congel\u00f3 los salarios de los funcionarios de los tres poderes"},"content":{"rendered":"<p>El gobernador\u00a0<strong>Sergio Ziliotto firm\u00f3 un decreto para congelar los sueldos<\/strong>\u00a0de funcionarios y funcionarias en el marco de la crisis de la pandemia. Los empleados p\u00fablicos tuvieron un incremento del 12% este a\u00f1o.<\/p>\n<p>Un decreto del gobernador Sergio Ziliotto estableci\u00f3 el viernes \u00faltimo el congelamiento de los sueldos de los funcionarios y funcionarias provinciales hasta fin de a\u00f1o, en el marco de la pandemia del coronavirus. Lo confirm\u00f3 el vicegobernador, Mariano Fern\u00e1ndez, en declaraciones radiales.<\/p>\n<p>El gobernador Sergio Ziliotto resolvi\u00f3 por decreto congelar los ingresos de funcionarias y funcionarios provinciales.\u00a0La medida fue anticipada el viernes en Radiokerm\u00e9s durante una entrevista con el vicegobernador Mariano Fern\u00e1ndez.<\/p>\n<p>La normativa determina que las autoridades no tendr\u00e1n ning\u00fan tipo de aumento al menos hasta fin de a\u00f1o.\u00a0Incluye a personal superior de los poderes Ejecutivo, Legislativo y Judicial.<\/p>\n<p>En los considerandos del decreto,\u00a0 al que tuvo acceso El Diario, el gobernador Ziliotto tuvo en cuenta que \u00ablas proyecciones de Recursos y Gastos efectuadas en las \u00e1reas gubernamentales correspondientes, arrojan un d\u00e9ficit presupuestario para el corriente a\u00f1o\u00bb.<\/p>\n<p>Tambi\u00e9n que \u00abcon tal motivo, se enviar\u00e1 a la C\u00e1mara de Diputados de la Provincia, un proyecto de Ley que nos permita utilizar recursos superavitarios de ejercicios anteriores a fin de financiar el actual desfasaje presupuestario\u00bb.<\/p>\n<p>\u00abEs necesario seguir adoptando medidas econ\u00f3micas, sociales, y principalmente en el sector salud, como as\u00ed tambi\u00e9n en distintos sectores econ\u00f3micos de nuestra Provincia. Tambi\u00e9n se deben seguir adoptando medidas de contenci\u00f3n de las erogaciones que hoy pueden ser postergadas. En este entendimiento el congelamiento de los salarios de los funcionarios p\u00fablicos de los tres poderes del Estado, aparece como una herramienta \u00fatil a los fines establecidos\u00bb, remarc\u00f3.<\/p>\n<p>El gobernador consider\u00f3 \u00abpertinente que el congelamiento mencionado se extienda hasta el 31 de diciembre de 2020, y asimismo retrotraer a aquellos aumentos a\u00fan no aplicados\u00bb.<\/p>\n<p>En ese sentido, record\u00f3 que\u00a0 mediante el Decreto N\u00b0 1560\/20 se instrumentaron los aumentos acordados en las reuniones paritarias en el marco de la normativa vigente. \u00abPor esta raz\u00f3n es necesario modificar la normativa, cumpliendo el objetivo de congelamiento a disponer, aplicables a los haberes vigentes al 1 de agosto de 2020. La Delegaci\u00f3n de la Asesor\u00eda Letrada de Gobierno actuante ante el Ministerio de Hacienda y Finanzas ha tomado la intervenci\u00f3n que le corresponde. El presente se dicta en ejercicio de la facultad establecida en las disposiciones de la Ley N\u00ba 1238, debiendo luego dar conocimiento a la C\u00e1mara de Diputados\u00bb.<\/p>\n<div class=\"oasis-despues-del-contenido\" id=\"oasis-987066214\"><img loading=\"lazy\" decoding=\"async\" src=\"https:\/\/oasisfm935.com.ar\/site\/wp-content\/uploads\/2020\/08\/47806202-8741-49f2-a5c9-d2f930e5baa1.jpg\" alt=\"\"  srcset=\"https:\/\/oasisfm935.com.ar\/site\/wp-content\/uploads\/2020\/08\/47806202-8741-49f2-a5c9-d2f930e5baa1.jpg 1080w, https:\/\/oasisfm935.com.ar\/site\/wp-content\/uploads\/2020\/08\/47806202-8741-49f2-a5c9-d2f930e5baa1-300x300.jpg 300w, https:\/\/oasisfm935.com.ar\/site\/wp-content\/uploads\/2020\/08\/47806202-8741-49f2-a5c9-d2f930e5baa1-1024x1024.jpg 1024w, https:\/\/oasisfm935.com.ar\/site\/wp-content\/uploads\/2020\/08\/47806202-8741-49f2-a5c9-d2f930e5baa1-150x150.jpg 150w, https:\/\/oasisfm935.com.ar\/site\/wp-content\/uploads\/2020\/08\/47806202-8741-49f2-a5c9-d2f930e5baa1-768x768.jpg 768w\" sizes=\"(max-width: 1080px) 100vw, 1080px\" class=\"no-lazyload\" width=\"1080\" height=\"1080\"  style=\"display: inline-block;\" \/><\/div>","protected":false},"excerpt":{"rendered":"<p>El gobernador\u00a0Sergio Ziliotto firm\u00f3 un decreto para congelar los sueldos\u00a0de funcionarios y funcionarias en el marco de la crisis de la pandemia.<\/p>\n","protected":false},"author":4,"featured_media":6612,"comment_status":"closed","ping_status":"open","sticky":false,"template":"","format":"standard","meta":{"colormag_page_layout":"default_layout","footnotes":""},"categories":[2],"tags":[],"class_list":["post-6611","post","type-post","status-publish","format-standard","has-post-thumbnail","hentry","category-noticias"],"_links":{"self":[{"href":"https:\/\/oasisfm935.com.ar\/site\/wp-json\/wp\/v2\/posts\/6611","targetHints":{"allow":["GET"]}}],"collection":[{"href":"https:\/\/oasisfm935.com.ar\/site\/wp-json\/wp\/v2\/posts"}],"about":[{"href":"https:\/\/oasisfm935.com.ar\/site\/wp-json\/wp\/v2\/types\/post"}],"author":[{"embeddable":true,"href":"https:\/\/oasisfm935.com.ar\/site\/wp-json\/wp\/v2\/users\/4"}],"replies":[{"embeddable":true,"href":"https:\/\/oasisfm935.com.ar\/site\/wp-json\/wp\/v2\/comments?post=6611"}],"version-history":[{"count":1,"href":"https:\/\/oasisfm935.com.ar\/site\/wp-json\/wp\/v2\/posts\/6611\/revisions"}],"predecessor-version":[{"id":6613,"href":"https:\/\/oasisfm935.com.ar\/site\/wp-json\/wp\/v2\/posts\/6611\/revisions\/6613"}],"wp:featuredmedia":[{"embeddable":true,"href":"https:\/\/oasisfm935.com.ar\/site\/wp-json\/wp\/v2\/media\/6612"}],"wp:attachment":[{"href":"https:\/\/oasisfm935.com.ar\/site\/wp-json\/wp\/v2\/media?parent=6611"}],"wp:term":[{"taxonomy":"category","embeddable":true,"href":"https:\/\/oasisfm935.com.ar\/site\/wp-json\/wp\/v2\/categories?post=6611"},{"taxonomy":"post_tag","embeddable":true,"href":"https:\/\/oasisfm935.com.ar\/site\/wp-json\/wp\/v2\/tags?post=6611"}],"curies":[{"name":"wp","href":"https:\/\/api.w.org\/{rel}","templated":true}]}}