{"id":6624,"date":"2020-09-05T18:52:04","date_gmt":"2020-09-05T21:52:04","guid":{"rendered":"http:\/\/oasisfm935.com\/site\/?p=6624"},"modified":"2020-09-05T18:52:36","modified_gmt":"2020-09-05T21:52:36","slug":"covid-en-la-pampa-hay-otro-positivo-y-ya-suman-709-aislados","status":"publish","type":"post","link":"https:\/\/oasisfm935.com.ar\/site\/covid-en-la-pampa-hay-otro-positivo-y-ya-suman-709-aislados\/","title":{"rendered":"Covid en La Pampa: hay otro positivo y ya suman 709 aislados"},"content":{"rendered":"<p>Este s\u00e1bado fueron procesadas 48 muestras, de las cuales una result\u00f3 positiva por Covid-19: es una trabajadora de Salud P\u00fablica. Hay 709 personas aisladas en la provincia.<\/p>\n<p>El Gobierno de la La Pampa, a trav\u00e9s del Ministerio de Salud, comunic\u00f3 que durante la tarde de este s\u00e1bado se finaliz\u00f3 con el procesamiento de 48 muestras de las cuales una result\u00f3 positiva para COVID-19.<\/p>\n<p>Se trata de una persona, trabajadora de salud, de la ciudad de Santa Rosa que hab\u00eda sido considerada contacto estrecho de un caso positivo, y ya se encontraba cumpliendo estricto aislamiento.<\/p>\n<p>Actualmente, hay en la provincia 33 casos activos de un total de 222 positivos confirmados desde el inicio de la pandemia. De ese total, tres personas fallecieron y 186 se recuperaron.<\/p>\n<p>Entre los recuperados, hoy fue dada de alta una persona de la localidad de Guatrach\u00e9.<\/p>\n<p>Los casos confirmados activos est\u00e1n distribuidos de la siguiente manera: 6 en Santa Rosa, 10 en General Pico, 1 en Catril\u00f3, 1 en Guatrach\u00e9, 4 en La Adela, 1 en Macach\u00edn, 5 en 25 de mayo y 2 en Gobernador Duval ,2 en Toay y 1 en Intendente Alvear.<\/p>\n<p>Al d\u00eda de la fecha se encuentran aisladas un total de 709 personas.<\/p>\n<p>Cinco pacientes est\u00e1n internados en la provincia. Una de esas personas est\u00e1 en\u00a0cl\u00ednica m\u00e9dica del Establecimiento Asistencial Gobernador Centeno y la otras cuatro se encuentran en el Centro Emergente de Asistencia Respiratoria (CEAR) de la ciudad de Santa Rosa.<\/p>\n<div class=\"oasis-despues-del-contenido\" id=\"oasis-1998359386\"><img loading=\"lazy\" decoding=\"async\" src=\"https:\/\/oasisfm935.com.ar\/site\/wp-content\/uploads\/2020\/08\/47806202-8741-49f2-a5c9-d2f930e5baa1.jpg\" alt=\"\"  srcset=\"https:\/\/oasisfm935.com.ar\/site\/wp-content\/uploads\/2020\/08\/47806202-8741-49f2-a5c9-d2f930e5baa1.jpg 1080w, https:\/\/oasisfm935.com.ar\/site\/wp-content\/uploads\/2020\/08\/47806202-8741-49f2-a5c9-d2f930e5baa1-300x300.jpg 300w, https:\/\/oasisfm935.com.ar\/site\/wp-content\/uploads\/2020\/08\/47806202-8741-49f2-a5c9-d2f930e5baa1-1024x1024.jpg 1024w, https:\/\/oasisfm935.com.ar\/site\/wp-content\/uploads\/2020\/08\/47806202-8741-49f2-a5c9-d2f930e5baa1-150x150.jpg 150w, https:\/\/oasisfm935.com.ar\/site\/wp-content\/uploads\/2020\/08\/47806202-8741-49f2-a5c9-d2f930e5baa1-768x768.jpg 768w\" sizes=\"(max-width: 1080px) 100vw, 1080px\" class=\"no-lazyload\" width=\"1080\" height=\"1080\"  style=\"display: inline-block;\" \/><\/div>","protected":false},"excerpt":{"rendered":"<p>Este s\u00e1bado fueron procesadas 48 muestras, de las cuales una result\u00f3 positiva por Covid-19: es una trabajadora de Salud P\u00fablica. Hay 709<\/p>\n","protected":false},"author":4,"featured_media":6625,"comment_status":"closed","ping_status":"open","sticky":false,"template":"","format":"standard","meta":{"colormag_page_layout":"default_layout","footnotes":""},"categories":[2],"tags":[],"class_list":["post-6624","post","type-post","status-publish","format-standard","has-post-thumbnail","hentry","category-noticias"],"_links":{"self":[{"href":"https:\/\/oasisfm935.com.ar\/site\/wp-json\/wp\/v2\/posts\/6624","targetHints":{"allow":["GET"]}}],"collection":[{"href":"https:\/\/oasisfm935.com.ar\/site\/wp-json\/wp\/v2\/posts"}],"about":[{"href":"https:\/\/oasisfm935.com.ar\/site\/wp-json\/wp\/v2\/types\/post"}],"author":[{"embeddable":true,"href":"https:\/\/oasisfm935.com.ar\/site\/wp-json\/wp\/v2\/users\/4"}],"replies":[{"embeddable":true,"href":"https:\/\/oasisfm935.com.ar\/site\/wp-json\/wp\/v2\/comments?post=6624"}],"version-history":[{"count":1,"href":"https:\/\/oasisfm935.com.ar\/site\/wp-json\/wp\/v2\/posts\/6624\/revisions"}],"predecessor-version":[{"id":6626,"href":"https:\/\/oasisfm935.com.ar\/site\/wp-json\/wp\/v2\/posts\/6624\/revisions\/6626"}],"wp:featuredmedia":[{"embeddable":true,"href":"https:\/\/oasisfm935.com.ar\/site\/wp-json\/wp\/v2\/media\/6625"}],"wp:attachment":[{"href":"https:\/\/oasisfm935.com.ar\/site\/wp-json\/wp\/v2\/media?parent=6624"}],"wp:term":[{"taxonomy":"category","embeddable":true,"href":"https:\/\/oasisfm935.com.ar\/site\/wp-json\/wp\/v2\/categories?post=6624"},{"taxonomy":"post_tag","embeddable":true,"href":"https:\/\/oasisfm935.com.ar\/site\/wp-json\/wp\/v2\/tags?post=6624"}],"curies":[{"name":"wp","href":"https:\/\/api.w.org\/{rel}","templated":true}]}}