{"id":663,"date":"2019-02-05T17:40:04","date_gmt":"2019-02-05T20:40:04","guid":{"rendered":"http:\/\/oasisfm935.com\/site\/?p=663"},"modified":"2019-02-05T17:40:04","modified_gmt":"2019-02-05T20:40:04","slug":"sin-tarifa-social-33-mil-familias-pampeanas-ya-sufren-el-aumento-de-las-facturas-del-136","status":"publish","type":"post","link":"https:\/\/oasisfm935.com.ar\/site\/sin-tarifa-social-33-mil-familias-pampeanas-ya-sufren-el-aumento-de-las-facturas-del-136\/","title":{"rendered":"Sin tarifa social, 33 mil familias pampeanas ya sufren el aumento de las facturas del 136%"},"content":{"rendered":"<p>La decisi\u00f3n del Gobierno de Mauricio Macri de eliminar subsidios peg\u00f3 de lleno en 33 mil beneficiarios de la tarifa social el\u00e9ctrica en La Pampa que se quedaron sin esa ayuda por parte del Estado.<\/p>\n<p>Desde la Provincia se comprometieron a buscar alg\u00fan tipo de paliativo para amortiguar el impacto del tarifazo en las familias vulnerables. Pero a\u00fan no hubo definici\u00f3n al respecto y las cooperativas esperan para saber c\u00f3mo deben facturar.<\/p>\n<p>Los nuevos aumentos de electricidad golpear\u00e1n, como nunca, a los sectores m\u00e1s vulnerables.\u00a0<strong>Alfredo Carrascal<\/strong>, presidente de CPE, dijo que en Santa Rosa perder\u00e1n la tarifa social unas 13 mil familias.\u00a0 \u201cEl nuevo aumento es, para todos, del 28 por ciento. Pero para las familias que ten\u00edan tarifa social y que ahora la pierde, el aumento es del 136 por ciento. Y del 57,7 por ciento para los que ten\u00edan el plan est\u00edmulo, es decir, los que ahorraban en relaci\u00f3n al mismo mes de 2015\u201d, explic\u00f3 a Diario Textual.<\/p>\n<p><strong>-\u00bfCu\u00e1ndo impactar\u00e1 este aumento en los bolsillos de los usuarios?<\/strong><\/p>\n<p>-En el consumo de febrero, pero, aclaro, esa factura vence en abril. Porque el consumo de febrero se emite en marzo y vence en abril.<\/p>\n<p><strong>-\u00bfHay posibilidades de que Provincia se haga cargo al menos de una parte de esa tarifa?<\/strong><\/p>\n<p>Hay pocas expectativas. La APE (Administraci\u00f3n Provincial de Energ\u00eda) representa el 0,4 por ciento del consumo de electricidad de todo el pa\u00eds, por lo que el poder de presi\u00f3n es muy escaso.<\/p>\n<p><strong>-\u00bfHa aumentado la morosidad?<\/strong><\/p>\n<p>-S\u00ed, la morosidad se ha instalado y va creciendo. Las perspectivas, ante este nuevo aumento, son malas.<\/p>\n<div class=\"oasis-despues-del-contenido\" id=\"oasis-162267857\"><img loading=\"lazy\" decoding=\"async\" src=\"https:\/\/oasisfm935.com.ar\/site\/wp-content\/uploads\/2020\/08\/47806202-8741-49f2-a5c9-d2f930e5baa1.jpg\" alt=\"\"  srcset=\"https:\/\/oasisfm935.com.ar\/site\/wp-content\/uploads\/2020\/08\/47806202-8741-49f2-a5c9-d2f930e5baa1.jpg 1080w, https:\/\/oasisfm935.com.ar\/site\/wp-content\/uploads\/2020\/08\/47806202-8741-49f2-a5c9-d2f930e5baa1-300x300.jpg 300w, https:\/\/oasisfm935.com.ar\/site\/wp-content\/uploads\/2020\/08\/47806202-8741-49f2-a5c9-d2f930e5baa1-1024x1024.jpg 1024w, https:\/\/oasisfm935.com.ar\/site\/wp-content\/uploads\/2020\/08\/47806202-8741-49f2-a5c9-d2f930e5baa1-150x150.jpg 150w, https:\/\/oasisfm935.com.ar\/site\/wp-content\/uploads\/2020\/08\/47806202-8741-49f2-a5c9-d2f930e5baa1-768x768.jpg 768w\" sizes=\"(max-width: 1080px) 100vw, 1080px\" class=\"no-lazyload\" width=\"1080\" height=\"1080\"  style=\"display: inline-block;\" \/><\/div>","protected":false},"excerpt":{"rendered":"<p>La decisi\u00f3n del Gobierno de Mauricio Macri de eliminar subsidios peg\u00f3 de lleno en 33 mil beneficiarios de la tarifa social el\u00e9ctrica<\/p>\n","protected":false},"author":4,"featured_media":664,"comment_status":"closed","ping_status":"open","sticky":false,"template":"","format":"standard","meta":{"colormag_page_layout":"default_layout","footnotes":""},"categories":[2],"tags":[],"class_list":["post-663","post","type-post","status-publish","format-standard","has-post-thumbnail","hentry","category-noticias"],"_links":{"self":[{"href":"https:\/\/oasisfm935.com.ar\/site\/wp-json\/wp\/v2\/posts\/663","targetHints":{"allow":["GET"]}}],"collection":[{"href":"https:\/\/oasisfm935.com.ar\/site\/wp-json\/wp\/v2\/posts"}],"about":[{"href":"https:\/\/oasisfm935.com.ar\/site\/wp-json\/wp\/v2\/types\/post"}],"author":[{"embeddable":true,"href":"https:\/\/oasisfm935.com.ar\/site\/wp-json\/wp\/v2\/users\/4"}],"replies":[{"embeddable":true,"href":"https:\/\/oasisfm935.com.ar\/site\/wp-json\/wp\/v2\/comments?post=663"}],"version-history":[{"count":1,"href":"https:\/\/oasisfm935.com.ar\/site\/wp-json\/wp\/v2\/posts\/663\/revisions"}],"predecessor-version":[{"id":665,"href":"https:\/\/oasisfm935.com.ar\/site\/wp-json\/wp\/v2\/posts\/663\/revisions\/665"}],"wp:featuredmedia":[{"embeddable":true,"href":"https:\/\/oasisfm935.com.ar\/site\/wp-json\/wp\/v2\/media\/664"}],"wp:attachment":[{"href":"https:\/\/oasisfm935.com.ar\/site\/wp-json\/wp\/v2\/media?parent=663"}],"wp:term":[{"taxonomy":"category","embeddable":true,"href":"https:\/\/oasisfm935.com.ar\/site\/wp-json\/wp\/v2\/categories?post=663"},{"taxonomy":"post_tag","embeddable":true,"href":"https:\/\/oasisfm935.com.ar\/site\/wp-json\/wp\/v2\/tags?post=663"}],"curies":[{"name":"wp","href":"https:\/\/api.w.org\/{rel}","templated":true}]}}