{"id":6632,"date":"2020-09-05T21:37:10","date_gmt":"2020-09-06T00:37:10","guid":{"rendered":"http:\/\/oasisfm935.com\/site\/?p=6632"},"modified":"2020-09-05T21:37:10","modified_gmt":"2020-09-06T00:37:10","slug":"la-pampa-covid-19-kohan-pidio-a-los-pampeanos-cuidar-lo-logrado-entre-todos","status":"publish","type":"post","link":"https:\/\/oasisfm935.com.ar\/site\/la-pampa-covid-19-kohan-pidio-a-los-pampeanos-cuidar-lo-logrado-entre-todos\/","title":{"rendered":"La Pampa COVID 19: Kohan pidi\u00f3 a los pampeanos \u201ccuidar lo logrado entre todos\u201d"},"content":{"rendered":"<p class=\"lead\">El titular de la cartera de Salud de La Pampa, Rub\u00e9n Kohan, exhort\u00f3 a los pampeanos a \u201ccuidar la\u00a0 burbuja que en La Pampa construimos entre todos\u201d, en alusi\u00f3n a la preservaci\u00f3n del estatus epidemiol\u00f3gico que hoy tiene la provincia. \u201cLo logrado \u00a0debemos y podemos defenderlo entre todos\u201d, subray\u00f3.<\/p>\n<p>Advirti\u00f3 que \u201ccuidarnos no implica que no vayamos a tener casos, pero lo que tenemos que impedir es tener una cadena de contagios dentro de la provincia. Cuanto m\u00e1s permanezcamos en esta condici\u00f3n tanto mejor\u00a0 nos va a ir\u201d.<\/p>\n<p>En declaraciones al \u00a0programa Radio Textual, dijo que la situaci\u00f3n epidemiol\u00f3gica de la provincia es \u201caceptable\u201d, pero acentu\u00f3 que es necesario \u201cdesterrar el exitismo y el pesimismo de algunos ciudadanos, porque las estrategias que planteamos en funci\u00f3n de presunciones, ya que no hay experiencias previas de esto en el mundo, nos est\u00e1n permitiendo cuidarnos entre todos\u201d.<\/p>\n<p>\u201cLa provincia de La Pampa ha sido muy en\u00e9rgica en materia de prevenci\u00f3n. No solo detectamos los casos positivos, sino que salimos a buscar los contactos estrechos, expres\u00f3 al tiempo que afirm\u00f3 que \u201ces mejor aislar 100 o 200 personas que tener que volver en las fases a toda la provincia\u201d.<br \/>\nDijo que el estatus epidemiol\u00f3gico del que hoy goza la provincia \u201ces envidiable\u201d y reiter\u00f3 que \u201cel logro es producto del esfuerzo de la sociedad y del gobierno. Solo basta con mirar la situaci\u00f3n de otras provincias para observar esa realidad\u201d.<br \/>\n\u201cEn La Pampa podemos transitar con bastante libertad, el aparato productivo est\u00e1 activo en m\u00e1s de un 90 %, podemos tener reuniones familiares s\u00e1bados, domingos y feriados y nos quejamos porque no podemos hacerlo un lunes o un martes\u201d, indic\u00f3.<\/p>\n<p><strong>Comportamiento social e individual<\/strong><br \/>\nA seis meses de haber iniciado la pandemia, Kohan dijo que se trata de un virus que \u201capareci\u00f3 y tom\u00f3 por asalto al mundo, lo que nos lleva a presenciar situaciones impensadas y a adoptar estrategias en las que todos somos necesarios\u201d.<\/p>\n<p>\u201cLa movilidad viral es un reflejo de c\u00f3mo nos comportamos como sociedad y como individuos, porque el virus no nos viene a buscar sino que nosotros vamos en b\u00fasqueda de \u00e9l con nuestros comportamientos\u201d, precis\u00f3.<br \/>\nEn este sentido sostuvo que los cuidados personales y sociales son \u201cfundamentales porque no hay estrategias diferentes para protegernos. Por eso insistimos en que todos colaboren\u201d.<\/p>\n<div class=\"oasis-despues-del-contenido\" id=\"oasis-4257276187\"><img loading=\"lazy\" decoding=\"async\" src=\"https:\/\/oasisfm935.com.ar\/site\/wp-content\/uploads\/2020\/08\/47806202-8741-49f2-a5c9-d2f930e5baa1.jpg\" alt=\"\"  srcset=\"https:\/\/oasisfm935.com.ar\/site\/wp-content\/uploads\/2020\/08\/47806202-8741-49f2-a5c9-d2f930e5baa1.jpg 1080w, https:\/\/oasisfm935.com.ar\/site\/wp-content\/uploads\/2020\/08\/47806202-8741-49f2-a5c9-d2f930e5baa1-300x300.jpg 300w, https:\/\/oasisfm935.com.ar\/site\/wp-content\/uploads\/2020\/08\/47806202-8741-49f2-a5c9-d2f930e5baa1-1024x1024.jpg 1024w, https:\/\/oasisfm935.com.ar\/site\/wp-content\/uploads\/2020\/08\/47806202-8741-49f2-a5c9-d2f930e5baa1-150x150.jpg 150w, https:\/\/oasisfm935.com.ar\/site\/wp-content\/uploads\/2020\/08\/47806202-8741-49f2-a5c9-d2f930e5baa1-768x768.jpg 768w\" sizes=\"(max-width: 1080px) 100vw, 1080px\" class=\"no-lazyload\" width=\"1080\" height=\"1080\"  style=\"display: inline-block;\" \/><\/div>","protected":false},"excerpt":{"rendered":"<p>El titular de la cartera de Salud de La Pampa, Rub\u00e9n Kohan, exhort\u00f3 a los pampeanos a \u201ccuidar la\u00a0 burbuja que en<\/p>\n","protected":false},"author":4,"featured_media":6633,"comment_status":"closed","ping_status":"open","sticky":false,"template":"","format":"standard","meta":{"colormag_page_layout":"default_layout","footnotes":""},"categories":[2],"tags":[],"class_list":["post-6632","post","type-post","status-publish","format-standard","has-post-thumbnail","hentry","category-noticias"],"_links":{"self":[{"href":"https:\/\/oasisfm935.com.ar\/site\/wp-json\/wp\/v2\/posts\/6632","targetHints":{"allow":["GET"]}}],"collection":[{"href":"https:\/\/oasisfm935.com.ar\/site\/wp-json\/wp\/v2\/posts"}],"about":[{"href":"https:\/\/oasisfm935.com.ar\/site\/wp-json\/wp\/v2\/types\/post"}],"author":[{"embeddable":true,"href":"https:\/\/oasisfm935.com.ar\/site\/wp-json\/wp\/v2\/users\/4"}],"replies":[{"embeddable":true,"href":"https:\/\/oasisfm935.com.ar\/site\/wp-json\/wp\/v2\/comments?post=6632"}],"version-history":[{"count":1,"href":"https:\/\/oasisfm935.com.ar\/site\/wp-json\/wp\/v2\/posts\/6632\/revisions"}],"predecessor-version":[{"id":6634,"href":"https:\/\/oasisfm935.com.ar\/site\/wp-json\/wp\/v2\/posts\/6632\/revisions\/6634"}],"wp:featuredmedia":[{"embeddable":true,"href":"https:\/\/oasisfm935.com.ar\/site\/wp-json\/wp\/v2\/media\/6633"}],"wp:attachment":[{"href":"https:\/\/oasisfm935.com.ar\/site\/wp-json\/wp\/v2\/media?parent=6632"}],"wp:term":[{"taxonomy":"category","embeddable":true,"href":"https:\/\/oasisfm935.com.ar\/site\/wp-json\/wp\/v2\/categories?post=6632"},{"taxonomy":"post_tag","embeddable":true,"href":"https:\/\/oasisfm935.com.ar\/site\/wp-json\/wp\/v2\/tags?post=6632"}],"curies":[{"name":"wp","href":"https:\/\/api.w.org\/{rel}","templated":true}]}}