{"id":6645,"date":"2020-09-06T12:33:29","date_gmt":"2020-09-06T15:33:29","guid":{"rendered":"http:\/\/oasisfm935.com\/site\/?p=6645"},"modified":"2020-09-06T12:33:29","modified_gmt":"2020-09-06T15:33:29","slug":"gobierno-de-la-pampa-asiste-un-caso-confirmado-de-rio-negro","status":"publish","type":"post","link":"https:\/\/oasisfm935.com.ar\/site\/gobierno-de-la-pampa-asiste-un-caso-confirmado-de-rio-negro\/","title":{"rendered":"Gobierno de La Pampa asiste un caso confirmado de Rio Negro"},"content":{"rendered":"<p class=\"lead nota-detalle-bajada\">Una paciente que reside\u00a0 en Catriel y que fue confirmada por el SNVS2.0\u00a0 (registro nacional de casos confirmados para\u00a0 COVID-19) como un caso de la provincia de Rio Negro,\u00a0 fue trasladada a la provincia de La Pampa.<\/p>\n<div class=\"nota-detalle-cuerpo\">La joven es un caso positivo\u00a0 de Rio Negro que cuenta con una obra social prepaga, pero frente a la imposibilidad de ser atendida en esa provincia por falta de camas de internaci\u00f3n, la cl\u00ednica\u00a0 privada\u00a0\u00a0 solicit\u00f3\u00a0 la derivaci\u00f3n a La Pampa, donde la paciente tiene su domicilio.\u00a0 Este es un caso confirmado para R\u00edo Negro, de todos modos,\u00a0 el Gobierno Provincial preocup\u00e1ndose por el bienestar de la joven pampeana,\u00a0 acept\u00f3 el traslado a la provincia para brindarle la atenci\u00f3n necesaria. La paciente est\u00e1 internada en Centro de Enfermedades de Asistencia Respiratoria,\u00a0 en cl\u00ednica m\u00e9dica, siendo estabilizada por el equipo\u00a0 de\u00a0 Salud\u00a0 Publica.<\/div>\n<footer>\n<div class=\"row\">\n<div class=\"col-md-12 col-xs-12\"><\/div>\n<\/div>\n<\/footer>\n<div class=\"oasis-despues-del-contenido\" id=\"oasis-2458459241\"><img loading=\"lazy\" decoding=\"async\" src=\"https:\/\/oasisfm935.com.ar\/site\/wp-content\/uploads\/2020\/08\/47806202-8741-49f2-a5c9-d2f930e5baa1.jpg\" alt=\"\"  srcset=\"https:\/\/oasisfm935.com.ar\/site\/wp-content\/uploads\/2020\/08\/47806202-8741-49f2-a5c9-d2f930e5baa1.jpg 1080w, https:\/\/oasisfm935.com.ar\/site\/wp-content\/uploads\/2020\/08\/47806202-8741-49f2-a5c9-d2f930e5baa1-300x300.jpg 300w, https:\/\/oasisfm935.com.ar\/site\/wp-content\/uploads\/2020\/08\/47806202-8741-49f2-a5c9-d2f930e5baa1-1024x1024.jpg 1024w, https:\/\/oasisfm935.com.ar\/site\/wp-content\/uploads\/2020\/08\/47806202-8741-49f2-a5c9-d2f930e5baa1-150x150.jpg 150w, https:\/\/oasisfm935.com.ar\/site\/wp-content\/uploads\/2020\/08\/47806202-8741-49f2-a5c9-d2f930e5baa1-768x768.jpg 768w\" sizes=\"(max-width: 1080px) 100vw, 1080px\" class=\"no-lazyload\" width=\"1080\" height=\"1080\"  style=\"display: inline-block;\" \/><\/div>","protected":false},"excerpt":{"rendered":"<p>Una paciente que reside\u00a0 en Catriel y que fue confirmada por el SNVS2.0\u00a0 (registro nacional de casos confirmados para\u00a0 COVID-19) como un<\/p>\n","protected":false},"author":4,"featured_media":6646,"comment_status":"closed","ping_status":"open","sticky":false,"template":"","format":"standard","meta":{"colormag_page_layout":"default_layout","footnotes":""},"categories":[2],"tags":[],"class_list":["post-6645","post","type-post","status-publish","format-standard","has-post-thumbnail","hentry","category-noticias"],"_links":{"self":[{"href":"https:\/\/oasisfm935.com.ar\/site\/wp-json\/wp\/v2\/posts\/6645","targetHints":{"allow":["GET"]}}],"collection":[{"href":"https:\/\/oasisfm935.com.ar\/site\/wp-json\/wp\/v2\/posts"}],"about":[{"href":"https:\/\/oasisfm935.com.ar\/site\/wp-json\/wp\/v2\/types\/post"}],"author":[{"embeddable":true,"href":"https:\/\/oasisfm935.com.ar\/site\/wp-json\/wp\/v2\/users\/4"}],"replies":[{"embeddable":true,"href":"https:\/\/oasisfm935.com.ar\/site\/wp-json\/wp\/v2\/comments?post=6645"}],"version-history":[{"count":1,"href":"https:\/\/oasisfm935.com.ar\/site\/wp-json\/wp\/v2\/posts\/6645\/revisions"}],"predecessor-version":[{"id":6647,"href":"https:\/\/oasisfm935.com.ar\/site\/wp-json\/wp\/v2\/posts\/6645\/revisions\/6647"}],"wp:featuredmedia":[{"embeddable":true,"href":"https:\/\/oasisfm935.com.ar\/site\/wp-json\/wp\/v2\/media\/6646"}],"wp:attachment":[{"href":"https:\/\/oasisfm935.com.ar\/site\/wp-json\/wp\/v2\/media?parent=6645"}],"wp:term":[{"taxonomy":"category","embeddable":true,"href":"https:\/\/oasisfm935.com.ar\/site\/wp-json\/wp\/v2\/categories?post=6645"},{"taxonomy":"post_tag","embeddable":true,"href":"https:\/\/oasisfm935.com.ar\/site\/wp-json\/wp\/v2\/tags?post=6645"}],"curies":[{"name":"wp","href":"https:\/\/api.w.org\/{rel}","templated":true}]}}