{"id":6648,"date":"2020-09-06T18:31:00","date_gmt":"2020-09-06T21:31:00","guid":{"rendered":"http:\/\/oasisfm935.com\/site\/?p=6648"},"modified":"2020-09-06T18:31:00","modified_gmt":"2020-09-06T21:31:00","slug":"se-detectaron-cuatro-nuevos-casos-positivos-de-coronavirus-en-la-pampa","status":"publish","type":"post","link":"https:\/\/oasisfm935.com.ar\/site\/se-detectaron-cuatro-nuevos-casos-positivos-de-coronavirus-en-la-pampa\/","title":{"rendered":"Se detectaron cuatro nuevos casos positivos de Coronavirus en La Pampa"},"content":{"rendered":"<ul>\n<li>Se trata de tres que son \u201ccontactos estrechos\u201d y uno es parte del personal de Salud.<\/li>\n<li>Dos residen en Santa Rosa, uno en Intendente Alvear y otro en General Acha.<\/li>\n<\/ul>\n<p>El Gobierno de la Provincia de La Pampa a trav\u00e9s del Ministerio de Salud comunica que en el d\u00eda de la fecha se finaliz\u00f3 con el procesamiento de 28 muestras de las cuales 4 resultaron positivas para COVID-19.<\/p>\n<p>En este caso, el total de aislados es 738.<\/p>\n<p>Las muestras fueron procesadas en los 3 laboratorios de la Provincia: del Hospital Gobernador Centeno, Hospital Lucio Molas y de la Direcci\u00f3n de Epidemiolog\u00eda.<\/p>\n<p><strong>Casos confirmados<\/strong><\/p>\n<p>De los 4 nuevos casos positivos para COVID-19, dos residen en la localidad de Santa Rosa, los mismos tienen nexo con otros casos ya confirmados.<\/p>\n<p>Uno en Intendente Alvear, se trata de un contacto estrecho del caso positivo de la localidad. Uno en General Acha, se trata de una persona que forma parte del equipo de salud y que ya se encuentra cumpliendo aislamiento.<\/p>\n<p><strong>Situaci\u00f3n en La Pampa<\/strong><\/p>\n<p>Desde el inicio de la pandemia, en nuestra provincia, se registraron un total 226 casos positivos para COVID-19, de los cuales 37 permanecen activos, 3 han fallecido y 186 se han recuperado.<\/p>\n<p>Los casos confirmados activos est\u00e1n distribuidos de la siguiente manera: 8 en la ciudad de Santa Rosa, 10 en General Pico, 1 en Catril\u00f3, 1 en Guatrach\u00e9, 4 La Adela, 1 en Macach\u00edn, 5 en 25 de Mayo y 2 en Gobernador Duval ,2 en Toay, 2 en Alvear y 1 en General Acha.<\/p>\n<p>Al d\u00eda de la fecha se encuentran aisladas un total de 738 personas.<\/p>\n<p><strong>Internados<\/strong><\/p>\n<p>Se encuentran internadas 8 personas confirmadas para COVID-19, 3 de ellas en cl\u00ednica m\u00e9dica del Hospital Gobernador Centeno y la otras 5 en cl\u00ednica m\u00e9dica del Centro Emergente de Asistencia Respiratoria de la localidad de Santa Rosa.<\/p>\n<p><strong>Aclaraci\u00f3n sobre la carga de casos confirmados en el Reporte Nacional<\/strong><\/p>\n<p>Es importante aclarar que existe una diferencia de casos confirmados entre el Reporte Provincial y el Nacional ya que se asisten y notifican pacientes que viven en otras provincias que tienen domicilio legal (el que figura en el DNI) en la provincia de La Pampa.<\/p>\n<div class=\"oasis-despues-del-contenido\" id=\"oasis-3778990711\"><img loading=\"lazy\" decoding=\"async\" src=\"https:\/\/oasisfm935.com.ar\/site\/wp-content\/uploads\/2020\/08\/47806202-8741-49f2-a5c9-d2f930e5baa1.jpg\" alt=\"\"  srcset=\"https:\/\/oasisfm935.com.ar\/site\/wp-content\/uploads\/2020\/08\/47806202-8741-49f2-a5c9-d2f930e5baa1.jpg 1080w, https:\/\/oasisfm935.com.ar\/site\/wp-content\/uploads\/2020\/08\/47806202-8741-49f2-a5c9-d2f930e5baa1-300x300.jpg 300w, https:\/\/oasisfm935.com.ar\/site\/wp-content\/uploads\/2020\/08\/47806202-8741-49f2-a5c9-d2f930e5baa1-1024x1024.jpg 1024w, https:\/\/oasisfm935.com.ar\/site\/wp-content\/uploads\/2020\/08\/47806202-8741-49f2-a5c9-d2f930e5baa1-150x150.jpg 150w, https:\/\/oasisfm935.com.ar\/site\/wp-content\/uploads\/2020\/08\/47806202-8741-49f2-a5c9-d2f930e5baa1-768x768.jpg 768w\" sizes=\"(max-width: 1080px) 100vw, 1080px\" class=\"no-lazyload\" width=\"1080\" height=\"1080\"  style=\"display: inline-block;\" \/><\/div>","protected":false},"excerpt":{"rendered":"<p>Se trata de tres que son \u201ccontactos estrechos\u201d y uno es parte del personal de Salud. Dos residen en Santa Rosa, uno<\/p>\n","protected":false},"author":4,"featured_media":6649,"comment_status":"closed","ping_status":"open","sticky":false,"template":"","format":"standard","meta":{"colormag_page_layout":"default_layout","footnotes":""},"categories":[2],"tags":[],"class_list":["post-6648","post","type-post","status-publish","format-standard","has-post-thumbnail","hentry","category-noticias"],"_links":{"self":[{"href":"https:\/\/oasisfm935.com.ar\/site\/wp-json\/wp\/v2\/posts\/6648","targetHints":{"allow":["GET"]}}],"collection":[{"href":"https:\/\/oasisfm935.com.ar\/site\/wp-json\/wp\/v2\/posts"}],"about":[{"href":"https:\/\/oasisfm935.com.ar\/site\/wp-json\/wp\/v2\/types\/post"}],"author":[{"embeddable":true,"href":"https:\/\/oasisfm935.com.ar\/site\/wp-json\/wp\/v2\/users\/4"}],"replies":[{"embeddable":true,"href":"https:\/\/oasisfm935.com.ar\/site\/wp-json\/wp\/v2\/comments?post=6648"}],"version-history":[{"count":1,"href":"https:\/\/oasisfm935.com.ar\/site\/wp-json\/wp\/v2\/posts\/6648\/revisions"}],"predecessor-version":[{"id":6650,"href":"https:\/\/oasisfm935.com.ar\/site\/wp-json\/wp\/v2\/posts\/6648\/revisions\/6650"}],"wp:featuredmedia":[{"embeddable":true,"href":"https:\/\/oasisfm935.com.ar\/site\/wp-json\/wp\/v2\/media\/6649"}],"wp:attachment":[{"href":"https:\/\/oasisfm935.com.ar\/site\/wp-json\/wp\/v2\/media?parent=6648"}],"wp:term":[{"taxonomy":"category","embeddable":true,"href":"https:\/\/oasisfm935.com.ar\/site\/wp-json\/wp\/v2\/categories?post=6648"},{"taxonomy":"post_tag","embeddable":true,"href":"https:\/\/oasisfm935.com.ar\/site\/wp-json\/wp\/v2\/tags?post=6648"}],"curies":[{"name":"wp","href":"https:\/\/api.w.org\/{rel}","templated":true}]}}