{"id":6651,"date":"2020-09-06T19:04:09","date_gmt":"2020-09-06T22:04:09","guid":{"rendered":"http:\/\/oasisfm935.com\/site\/?p=6651"},"modified":"2020-09-06T19:04:09","modified_gmt":"2020-09-06T22:04:09","slug":"urgente-el-gobernador-ziliotto-en-aislamiento","status":"publish","type":"post","link":"https:\/\/oasisfm935.com.ar\/site\/urgente-el-gobernador-ziliotto-en-aislamiento\/","title":{"rendered":"Urgente El gobernador Ziliotto en aislamiento."},"content":{"rendered":"<p class=\"lead nota-detalle-bajada\">El Gobernador Sergio Ziliotto deber\u00e1 aislarse preventivamente en virtud de ser contacto de una persona -perteneciente a la seguridad oficial- que, a su vez, es contacto estrecho de un caso positivo de la ciudad de Santa Rosa.<\/p>\n<div class=\"nota-detalle-cuerpo\">El gobernador se encuentra asintom\u00e1tico y el tiempo de aislamiento depender\u00e1 de la evoluci\u00f3n y los estudios que fueren realizados a su contacto.<br \/>\nEste tipo de procedimiento es habitual en La Pampa, por ser una herramienta eficaz para prevenir cadenas de contagios; no s\u00f3lo se a\u00edslan las personas que tuvieron interacciones con un caso Covid-19 positivo sino tambi\u00e9n sus propios contactos.<\/div>\n<div class=\"oasis-despues-del-contenido\" id=\"oasis-2870687884\"><img loading=\"lazy\" decoding=\"async\" src=\"https:\/\/oasisfm935.com.ar\/site\/wp-content\/uploads\/2020\/08\/47806202-8741-49f2-a5c9-d2f930e5baa1.jpg\" alt=\"\"  srcset=\"https:\/\/oasisfm935.com.ar\/site\/wp-content\/uploads\/2020\/08\/47806202-8741-49f2-a5c9-d2f930e5baa1.jpg 1080w, https:\/\/oasisfm935.com.ar\/site\/wp-content\/uploads\/2020\/08\/47806202-8741-49f2-a5c9-d2f930e5baa1-300x300.jpg 300w, https:\/\/oasisfm935.com.ar\/site\/wp-content\/uploads\/2020\/08\/47806202-8741-49f2-a5c9-d2f930e5baa1-1024x1024.jpg 1024w, https:\/\/oasisfm935.com.ar\/site\/wp-content\/uploads\/2020\/08\/47806202-8741-49f2-a5c9-d2f930e5baa1-150x150.jpg 150w, https:\/\/oasisfm935.com.ar\/site\/wp-content\/uploads\/2020\/08\/47806202-8741-49f2-a5c9-d2f930e5baa1-768x768.jpg 768w\" sizes=\"(max-width: 1080px) 100vw, 1080px\" class=\"no-lazyload\" width=\"1080\" height=\"1080\"  style=\"display: inline-block;\" \/><\/div>","protected":false},"excerpt":{"rendered":"<p>El Gobernador Sergio Ziliotto deber\u00e1 aislarse preventivamente en virtud de ser contacto de una persona -perteneciente a la seguridad oficial- que, a<\/p>\n","protected":false},"author":4,"featured_media":6652,"comment_status":"closed","ping_status":"open","sticky":false,"template":"","format":"standard","meta":{"colormag_page_layout":"default_layout","footnotes":""},"categories":[2],"tags":[],"class_list":["post-6651","post","type-post","status-publish","format-standard","has-post-thumbnail","hentry","category-noticias"],"_links":{"self":[{"href":"https:\/\/oasisfm935.com.ar\/site\/wp-json\/wp\/v2\/posts\/6651","targetHints":{"allow":["GET"]}}],"collection":[{"href":"https:\/\/oasisfm935.com.ar\/site\/wp-json\/wp\/v2\/posts"}],"about":[{"href":"https:\/\/oasisfm935.com.ar\/site\/wp-json\/wp\/v2\/types\/post"}],"author":[{"embeddable":true,"href":"https:\/\/oasisfm935.com.ar\/site\/wp-json\/wp\/v2\/users\/4"}],"replies":[{"embeddable":true,"href":"https:\/\/oasisfm935.com.ar\/site\/wp-json\/wp\/v2\/comments?post=6651"}],"version-history":[{"count":1,"href":"https:\/\/oasisfm935.com.ar\/site\/wp-json\/wp\/v2\/posts\/6651\/revisions"}],"predecessor-version":[{"id":6653,"href":"https:\/\/oasisfm935.com.ar\/site\/wp-json\/wp\/v2\/posts\/6651\/revisions\/6653"}],"wp:featuredmedia":[{"embeddable":true,"href":"https:\/\/oasisfm935.com.ar\/site\/wp-json\/wp\/v2\/media\/6652"}],"wp:attachment":[{"href":"https:\/\/oasisfm935.com.ar\/site\/wp-json\/wp\/v2\/media?parent=6651"}],"wp:term":[{"taxonomy":"category","embeddable":true,"href":"https:\/\/oasisfm935.com.ar\/site\/wp-json\/wp\/v2\/categories?post=6651"},{"taxonomy":"post_tag","embeddable":true,"href":"https:\/\/oasisfm935.com.ar\/site\/wp-json\/wp\/v2\/tags?post=6651"}],"curies":[{"name":"wp","href":"https:\/\/api.w.org\/{rel}","templated":true}]}}