{"id":6658,"date":"2020-09-07T19:28:17","date_gmt":"2020-09-07T22:28:17","guid":{"rendered":"http:\/\/oasisfm935.com\/site\/?p=6658"},"modified":"2020-09-07T19:28:17","modified_gmt":"2020-09-07T22:28:17","slug":"se-confirmaron-cuatro-nuevos-casos-de-coronavirus-en-la-pampa-y-ahora-hay-1670-personas-aisladas","status":"publish","type":"post","link":"https:\/\/oasisfm935.com.ar\/site\/se-confirmaron-cuatro-nuevos-casos-de-coronavirus-en-la-pampa-y-ahora-hay-1670-personas-aisladas\/","title":{"rendered":"Se confirmaron cuatro nuevos casos de Coronavirus en La Pampa y ahora hay 1670 personas aisladas"},"content":{"rendered":"<p>El Gobierno de la Provincia de La Pampa a trav\u00e9s del Ministerio de Salud comunic\u00f3 que en el d\u00eda de la fecha se finaliz\u00f3 con el procesamiento de 38 muestras de las cuales 4 resultaron positivas para COVID-19.<\/p>\n<p>Las muestras fueron procesadas en los 3 laboratorios de la provincia: del Hospital Gobernador Centeno, Hospital Lucio Molas y de la Direcci\u00f3n de Epidemiolog\u00eda.<\/p>\n<p><strong>Casos confirmados<\/strong><\/p>\n<p>Tres de los casos confirmados en el d\u00eda de hoy residen en la localidad de 25 de mayo, dos de ellos son contacto estrecho de un caso positivo y el tercer caso de esa localidad, corresponde a una trabajadora de salud, que se desempe\u00f1a en Catriel, todos se encontraban aislados.<\/p>\n<p>El cuarto caso confirmado en el d\u00eda de la fecha, reside en la localidad de Intendente Alvear, se encuentra en investigaci\u00f3n epidemiol\u00f3gica.<\/p>\n<p><strong>\u201cB\u00fasqueda Activa\u201d en Intendente Alvear<\/strong><\/p>\n<p>En el d\u00eda de ayer, la B\u00fasqueda Activa de casos se llev\u00f3 a cabo en Intendente Alvear, se recorrieron 53 manzanas de diversos barrios de la localidad.<\/p>\n<p>Se encuestaron y monitoreo a 1127 personas, siempre en el marco de la detecci\u00f3n temprana de signos y s\u00edntomas compatibles con COVID-19. Se tomaron 17 muestras nasofar\u00edngeas, por presentar s\u00edntomas compatibles con el virus, se aguardan resultados.<\/p>\n<p><strong>Situaci\u00f3n en La Pampa<\/strong><\/p>\n<p>Desde el inicio de la pandemia, en nuestra provincia, se registraron un total 230 casos positivos para COVID-19, de los cuales 35 permanecen activos, 3 han fallecido y 192 se han recuperado. En el d\u00eda de hoy se han recuperado 6 personas, 1 de Santa Rosa y 5 de la localidad de General Pico.<\/p>\n<p>Los casos confirmados activos est\u00e1n distribuidos de la siguiente manera: 7 en la ciudad de Santa Rosa, 5 en General Pico, 1 en Catril\u00f3, 1 en Guatrach\u00e9, 4 La Adela, 1 en Macach\u00edn, 8 en 25 de Mayo y 2 en Gobernador Duval ,2 en Toay, 3 en Alvear y 1 en General Acha.<\/p>\n<p>Al d\u00eda de la fecha se encuentran aisladas un total de 1670 personas.<\/p>\n<p><strong>Internados<\/strong><\/p>\n<p>Se encuentran internadas 8 personas confirmadas para COVID-19, 2 de ellas en cl\u00ednica m\u00e9dica del Hospital Gobernador Centeno y la otras 6 en cl\u00ednica m\u00e9dica del Centro Emergente de Asistencia Respiratoria de la localidad de Santa Rosa.<\/p>\n<div class=\"oasis-despues-del-contenido\" id=\"oasis-3705899746\"><img loading=\"lazy\" decoding=\"async\" src=\"https:\/\/oasisfm935.com.ar\/site\/wp-content\/uploads\/2020\/08\/47806202-8741-49f2-a5c9-d2f930e5baa1.jpg\" alt=\"\"  srcset=\"https:\/\/oasisfm935.com.ar\/site\/wp-content\/uploads\/2020\/08\/47806202-8741-49f2-a5c9-d2f930e5baa1.jpg 1080w, https:\/\/oasisfm935.com.ar\/site\/wp-content\/uploads\/2020\/08\/47806202-8741-49f2-a5c9-d2f930e5baa1-300x300.jpg 300w, https:\/\/oasisfm935.com.ar\/site\/wp-content\/uploads\/2020\/08\/47806202-8741-49f2-a5c9-d2f930e5baa1-1024x1024.jpg 1024w, https:\/\/oasisfm935.com.ar\/site\/wp-content\/uploads\/2020\/08\/47806202-8741-49f2-a5c9-d2f930e5baa1-150x150.jpg 150w, https:\/\/oasisfm935.com.ar\/site\/wp-content\/uploads\/2020\/08\/47806202-8741-49f2-a5c9-d2f930e5baa1-768x768.jpg 768w\" sizes=\"(max-width: 1080px) 100vw, 1080px\" class=\"no-lazyload\" width=\"1080\" height=\"1080\"  style=\"display: inline-block;\" \/><\/div>","protected":false},"excerpt":{"rendered":"<p>El Gobierno de la Provincia de La Pampa a trav\u00e9s del Ministerio de Salud comunic\u00f3 que en el d\u00eda de la fecha<\/p>\n","protected":false},"author":4,"featured_media":6659,"comment_status":"closed","ping_status":"open","sticky":false,"template":"","format":"standard","meta":{"colormag_page_layout":"default_layout","footnotes":""},"categories":[2],"tags":[],"class_list":["post-6658","post","type-post","status-publish","format-standard","has-post-thumbnail","hentry","category-noticias"],"_links":{"self":[{"href":"https:\/\/oasisfm935.com.ar\/site\/wp-json\/wp\/v2\/posts\/6658","targetHints":{"allow":["GET"]}}],"collection":[{"href":"https:\/\/oasisfm935.com.ar\/site\/wp-json\/wp\/v2\/posts"}],"about":[{"href":"https:\/\/oasisfm935.com.ar\/site\/wp-json\/wp\/v2\/types\/post"}],"author":[{"embeddable":true,"href":"https:\/\/oasisfm935.com.ar\/site\/wp-json\/wp\/v2\/users\/4"}],"replies":[{"embeddable":true,"href":"https:\/\/oasisfm935.com.ar\/site\/wp-json\/wp\/v2\/comments?post=6658"}],"version-history":[{"count":1,"href":"https:\/\/oasisfm935.com.ar\/site\/wp-json\/wp\/v2\/posts\/6658\/revisions"}],"predecessor-version":[{"id":6660,"href":"https:\/\/oasisfm935.com.ar\/site\/wp-json\/wp\/v2\/posts\/6658\/revisions\/6660"}],"wp:featuredmedia":[{"embeddable":true,"href":"https:\/\/oasisfm935.com.ar\/site\/wp-json\/wp\/v2\/media\/6659"}],"wp:attachment":[{"href":"https:\/\/oasisfm935.com.ar\/site\/wp-json\/wp\/v2\/media?parent=6658"}],"wp:term":[{"taxonomy":"category","embeddable":true,"href":"https:\/\/oasisfm935.com.ar\/site\/wp-json\/wp\/v2\/categories?post=6658"},{"taxonomy":"post_tag","embeddable":true,"href":"https:\/\/oasisfm935.com.ar\/site\/wp-json\/wp\/v2\/tags?post=6658"}],"curies":[{"name":"wp","href":"https:\/\/api.w.org\/{rel}","templated":true}]}}