{"id":6661,"date":"2020-09-07T21:34:07","date_gmt":"2020-09-08T00:34:07","guid":{"rendered":"http:\/\/oasisfm935.com\/site\/?p=6661"},"modified":"2020-09-07T21:34:07","modified_gmt":"2020-09-08T00:34:07","slug":"la-pampa-el-gobernador-ziliotto-salio-del-aislamiento","status":"publish","type":"post","link":"https:\/\/oasisfm935.com.ar\/site\/la-pampa-el-gobernador-ziliotto-salio-del-aislamiento\/","title":{"rendered":"La Pampa: El gobernador Ziliotto sali\u00f3 del aislamiento."},"content":{"rendered":"<p>Dio\u00a0\u00abnegativo\u00bb\u00a0el resultado del hisopado que se realiz\u00f3 al\u00a0jefe de su custodia.<\/p>\n<p>El gobernador Sergio Ziliotto sali\u00f3 este lunes del aislamiento preventivo en el que estaba desde el domingo a la tarde luego de que el jefe de su custodia fuera contacto estrecho de un caso positivo de coronavirus en la capital pampeana.<\/p>\n<p>\u00abEn virtud de ello, y como es norma para este tipo de situaciones, el gobernador puede retomar sus actividades habituales, ya en forma presencial en Casa de Gobierno\u00bb, se indic\u00f3 en un comunicado de prensa.<\/p>\n<p>\u00abEl hisopado nasofar\u00edngeo del Jefe de Seguridad fue ordenado por el \u00e1rea epidemiologica ya que present\u00f3 s\u00edntomas leves compatibles con coronavirus\u00bb, confirm\u00f3 el mismo escrito.<\/p>\n<p>\u00abDe todas maneras, esta persona deber\u00e1 cumplir el aislamiento hasta finalizar los 14 d\u00edas, por seguir siendo considerado contacto estrecho de un caso positivo, aunque ahora se haya descartado la posibilidad que pudiera haber contagiado a otras personas con las que tuvo contacto anteriormente\u00bb, finaliz\u00f3.<\/p>\n<div class=\"oasis-despues-del-contenido\" id=\"oasis-621133856\"><img loading=\"lazy\" decoding=\"async\" src=\"https:\/\/oasisfm935.com.ar\/site\/wp-content\/uploads\/2020\/08\/47806202-8741-49f2-a5c9-d2f930e5baa1.jpg\" alt=\"\"  srcset=\"https:\/\/oasisfm935.com.ar\/site\/wp-content\/uploads\/2020\/08\/47806202-8741-49f2-a5c9-d2f930e5baa1.jpg 1080w, https:\/\/oasisfm935.com.ar\/site\/wp-content\/uploads\/2020\/08\/47806202-8741-49f2-a5c9-d2f930e5baa1-300x300.jpg 300w, https:\/\/oasisfm935.com.ar\/site\/wp-content\/uploads\/2020\/08\/47806202-8741-49f2-a5c9-d2f930e5baa1-1024x1024.jpg 1024w, https:\/\/oasisfm935.com.ar\/site\/wp-content\/uploads\/2020\/08\/47806202-8741-49f2-a5c9-d2f930e5baa1-150x150.jpg 150w, https:\/\/oasisfm935.com.ar\/site\/wp-content\/uploads\/2020\/08\/47806202-8741-49f2-a5c9-d2f930e5baa1-768x768.jpg 768w\" sizes=\"(max-width: 1080px) 100vw, 1080px\" class=\"no-lazyload\" width=\"1080\" height=\"1080\"  style=\"display: inline-block;\" \/><\/div>","protected":false},"excerpt":{"rendered":"<p>Dio\u00a0\u00abnegativo\u00bb\u00a0el resultado del hisopado que se realiz\u00f3 al\u00a0jefe de su custodia. El gobernador Sergio Ziliotto sali\u00f3 este lunes del aislamiento preventivo en<\/p>\n","protected":false},"author":4,"featured_media":6662,"comment_status":"closed","ping_status":"open","sticky":false,"template":"","format":"standard","meta":{"colormag_page_layout":"default_layout","footnotes":""},"categories":[2],"tags":[],"class_list":["post-6661","post","type-post","status-publish","format-standard","has-post-thumbnail","hentry","category-noticias"],"_links":{"self":[{"href":"https:\/\/oasisfm935.com.ar\/site\/wp-json\/wp\/v2\/posts\/6661","targetHints":{"allow":["GET"]}}],"collection":[{"href":"https:\/\/oasisfm935.com.ar\/site\/wp-json\/wp\/v2\/posts"}],"about":[{"href":"https:\/\/oasisfm935.com.ar\/site\/wp-json\/wp\/v2\/types\/post"}],"author":[{"embeddable":true,"href":"https:\/\/oasisfm935.com.ar\/site\/wp-json\/wp\/v2\/users\/4"}],"replies":[{"embeddable":true,"href":"https:\/\/oasisfm935.com.ar\/site\/wp-json\/wp\/v2\/comments?post=6661"}],"version-history":[{"count":1,"href":"https:\/\/oasisfm935.com.ar\/site\/wp-json\/wp\/v2\/posts\/6661\/revisions"}],"predecessor-version":[{"id":6663,"href":"https:\/\/oasisfm935.com.ar\/site\/wp-json\/wp\/v2\/posts\/6661\/revisions\/6663"}],"wp:featuredmedia":[{"embeddable":true,"href":"https:\/\/oasisfm935.com.ar\/site\/wp-json\/wp\/v2\/media\/6662"}],"wp:attachment":[{"href":"https:\/\/oasisfm935.com.ar\/site\/wp-json\/wp\/v2\/media?parent=6661"}],"wp:term":[{"taxonomy":"category","embeddable":true,"href":"https:\/\/oasisfm935.com.ar\/site\/wp-json\/wp\/v2\/categories?post=6661"},{"taxonomy":"post_tag","embeddable":true,"href":"https:\/\/oasisfm935.com.ar\/site\/wp-json\/wp\/v2\/tags?post=6661"}],"curies":[{"name":"wp","href":"https:\/\/api.w.org\/{rel}","templated":true}]}}