{"id":6664,"date":"2020-09-08T13:48:21","date_gmt":"2020-09-08T16:48:21","guid":{"rendered":"http:\/\/oasisfm935.com\/site\/?p=6664"},"modified":"2020-09-08T13:48:21","modified_gmt":"2020-09-08T16:48:21","slug":"la-pampa-detectan-un-caso-positivo-de-covid-19-en-general-acha","status":"publish","type":"post","link":"https:\/\/oasisfm935.com.ar\/site\/la-pampa-detectan-un-caso-positivo-de-covid-19-en-general-acha\/","title":{"rendered":"La Pampa Detectan un caso positivo de Covid-19 en General Acha"},"content":{"rendered":"<p><strong>Es un trabajador de Salud P\u00fablica<\/strong>. Lo inform\u00f3 el ministerio de Salud en el reporte de las 20 muestras analizadas este martes. Hay 1.712 personas aisladas.<\/p>\n<p>El total de casos positivos en La Pampa\u00a0 ascienda a 231 desde el inicio de la pandemia.<\/p>\n<p>El Gobierno de la Provincia de La Pampa a trav\u00e9s del Ministerio de Salud comunic\u00f3 que en la ma\u00f1ana de este martes finaliz\u00f3 con el procesamiento de 20 muestras en los laboratorios de Epidemiolog\u00eda, Hospital Lucio Molas y Establecimiento Asistencial Gobernador Centeno, de las cuales una result\u00f3 positiva para COVID-19.<\/p>\n<p>El diagn\u00f3stico involucra a un trabajador de Salud P\u00fablica de la localidad de General Acha, que frente a la presencia de s\u00edntomas se aisl\u00f3 y posteriormente fue hisopado. Del caso se est\u00e1 desarrollando la correspondiente investigaci\u00f3n epidemiol\u00f3gica.<\/p>\n<p>Situaci\u00f3n provincial<br \/>\nDesde el inicio de la pandemia en la Provincia, se registraron un total 231 casos positivos para COVID-19, de los cuales 36 permanecen activos, 3 fallecieron y 192 se recuperaron.<br \/>\nLos casos confirmados activos est\u00e1n distribuidos de la siguiente manera: 7 en la ciudad de Santa Rosa, 5 en General Pico, 1 en Catril\u00f3, 1 en Guatrach\u00e9, 4 en La Adela, 1 en Macach\u00edn, 8 en 25 de Mayo y 2 en Gobernador Duval, 2 en Toay, 3 en Intendente Alvear y 2 en General Acha.<br \/>\nAl d\u00eda de la fecha se encuentran aisladas un total de 1712 personas.<\/p>\n<p>Se encuentran internadas 8 personas confirmadas para COVID-19, 2 de ellas en cl\u00ednica m\u00e9dica del Establecimiento Asistencial Gobernador Centeno y la otras 6 en cl\u00ednica m\u00e9dica del Centro Emergente de Asistencia Respiratoria (CEAR) de la ciudad de Santa Rosa.<\/p>\n<p>Aclaraci\u00f3n<\/p>\n<p>El Ministerio de Salud reiter\u00f3 la aclaraci\u00f3n de que existe una diferencia de casos confirmados entre el Reporte provincial y el nacional ya que se asisten y notifican pacientes que viven en otras provincias que tienen domicilio legal (el que figura en el DNI) en la provincia de La Pampa.<\/p>\n<p>Del mismo modo desde La Pampa se solicita que cada provincia que cargue casos confirmados para COVID-19 lo asocie al lugar de residencia de la persona, es decir que se realice una \u201cactualizaci\u00f3n del domicilio en el SISA\u201d.<br \/>\nLa clasificaci\u00f3n \u201cimportado\u201d hace referencia a una persona que estuvo en los 14 d\u00edas previos a su fecha de inicio de s\u00edntomas en un \u00e1rea con circulaci\u00f3n viral, llamada \u201czona de riesgo\u201d. Se solicita la reclasificaci\u00f3n de 5 casos importados con nexo en R\u00edo Negro y Neuqu\u00e9n como lo son 2 casos de Gobernador Duval, 2 de 25 de mayo y 1 de La Adela.<br \/>\nDicha actualizaci\u00f3n, m\u00e1s all\u00e1 de que la solicitud se haga diariamente, puede demorar ya que depende de la respuesta de aquel que haya el cargado el caso.<\/p>\n<div class=\"oasis-despues-del-contenido\" id=\"oasis-1982270987\"><img loading=\"lazy\" decoding=\"async\" src=\"https:\/\/oasisfm935.com.ar\/site\/wp-content\/uploads\/2020\/08\/47806202-8741-49f2-a5c9-d2f930e5baa1.jpg\" alt=\"\"  srcset=\"https:\/\/oasisfm935.com.ar\/site\/wp-content\/uploads\/2020\/08\/47806202-8741-49f2-a5c9-d2f930e5baa1.jpg 1080w, https:\/\/oasisfm935.com.ar\/site\/wp-content\/uploads\/2020\/08\/47806202-8741-49f2-a5c9-d2f930e5baa1-300x300.jpg 300w, https:\/\/oasisfm935.com.ar\/site\/wp-content\/uploads\/2020\/08\/47806202-8741-49f2-a5c9-d2f930e5baa1-1024x1024.jpg 1024w, https:\/\/oasisfm935.com.ar\/site\/wp-content\/uploads\/2020\/08\/47806202-8741-49f2-a5c9-d2f930e5baa1-150x150.jpg 150w, https:\/\/oasisfm935.com.ar\/site\/wp-content\/uploads\/2020\/08\/47806202-8741-49f2-a5c9-d2f930e5baa1-768x768.jpg 768w\" sizes=\"(max-width: 1080px) 100vw, 1080px\" class=\"no-lazyload\" width=\"1080\" height=\"1080\"  style=\"display: inline-block;\" \/><\/div>","protected":false},"excerpt":{"rendered":"<p>Es un trabajador de Salud P\u00fablica. Lo inform\u00f3 el ministerio de Salud en el reporte de las 20 muestras analizadas este martes.<\/p>\n","protected":false},"author":4,"featured_media":6665,"comment_status":"closed","ping_status":"open","sticky":false,"template":"","format":"standard","meta":{"colormag_page_layout":"default_layout","footnotes":""},"categories":[2],"tags":[],"class_list":["post-6664","post","type-post","status-publish","format-standard","has-post-thumbnail","hentry","category-noticias"],"_links":{"self":[{"href":"https:\/\/oasisfm935.com.ar\/site\/wp-json\/wp\/v2\/posts\/6664","targetHints":{"allow":["GET"]}}],"collection":[{"href":"https:\/\/oasisfm935.com.ar\/site\/wp-json\/wp\/v2\/posts"}],"about":[{"href":"https:\/\/oasisfm935.com.ar\/site\/wp-json\/wp\/v2\/types\/post"}],"author":[{"embeddable":true,"href":"https:\/\/oasisfm935.com.ar\/site\/wp-json\/wp\/v2\/users\/4"}],"replies":[{"embeddable":true,"href":"https:\/\/oasisfm935.com.ar\/site\/wp-json\/wp\/v2\/comments?post=6664"}],"version-history":[{"count":1,"href":"https:\/\/oasisfm935.com.ar\/site\/wp-json\/wp\/v2\/posts\/6664\/revisions"}],"predecessor-version":[{"id":6666,"href":"https:\/\/oasisfm935.com.ar\/site\/wp-json\/wp\/v2\/posts\/6664\/revisions\/6666"}],"wp:featuredmedia":[{"embeddable":true,"href":"https:\/\/oasisfm935.com.ar\/site\/wp-json\/wp\/v2\/media\/6665"}],"wp:attachment":[{"href":"https:\/\/oasisfm935.com.ar\/site\/wp-json\/wp\/v2\/media?parent=6664"}],"wp:term":[{"taxonomy":"category","embeddable":true,"href":"https:\/\/oasisfm935.com.ar\/site\/wp-json\/wp\/v2\/categories?post=6664"},{"taxonomy":"post_tag","embeddable":true,"href":"https:\/\/oasisfm935.com.ar\/site\/wp-json\/wp\/v2\/tags?post=6664"}],"curies":[{"name":"wp","href":"https:\/\/api.w.org\/{rel}","templated":true}]}}