{"id":6674,"date":"2020-09-08T20:29:11","date_gmt":"2020-09-08T23:29:11","guid":{"rendered":"http:\/\/oasisfm935.com\/site\/?p=6674"},"modified":"2020-09-08T20:29:11","modified_gmt":"2020-09-08T23:29:11","slug":"la-pampa-por-un-brote-de-coronavirus-alvear-pasa-a-fase-1","status":"publish","type":"post","link":"https:\/\/oasisfm935.com.ar\/site\/la-pampa-por-un-brote-de-coronavirus-alvear-pasa-a-fase-1\/","title":{"rendered":"La Pampa Por un brote de coronavirus, Alvear pasa a Fase 1"},"content":{"rendered":"<p>El gobierno de La Pampa tom\u00f3 la decisi\u00f3n para \u201cidentificar, aislar y cortar la cadena de contagios\u201d. En principio se extender\u00e1 por 7 d\u00edas.<\/p>\n<p>El gobierno pampeano inform\u00f3 que la medida de implementa porque temen que puedan dispararse los casos\u00a0<strong>\u201cdado que en las \u00faltimas horas se registraron 11 positivos, y a\u00fan no se ha identificado el nexo epidemiol\u00f3gico del primer caso positivo de esta serie\u201d.\u00a0\u00a0\u00a0<\/strong><\/p>\n<p>En principio tendr\u00e1 una duraci\u00f3n de siete d\u00edas. Tras\u00a0 ese lapso, las autoridades sanitarias evaluar\u00e1n la situaci\u00f3n epidemiol\u00f3gica y resolver\u00e1n los pasos a seguir.<\/p>\n<p>En un comunicado oficial indicaron que se le solicit\u00f3 a la poblaci\u00f3n que \u201cdurante ese tiempo redoblen el compromiso social y eviten salir de sus domicilios salvo en situaciones extraordinarias que as\u00ed lo ameriten\u201d.<\/p>\n<p>\u201cLa no circulaci\u00f3n y el cumplimiento de las normas\u00a0 facilitar\u00e1n el trabajo de los agentes de salud que se abocar\u00e1n al rastreo intensivo de contactos estrechos y dem\u00e1s posibles vectores de contagio\u201d, resaltaron.<\/p>\n<p><strong>El operativo de seguridad ser\u00e1 acompa\u00f1ado por un dispositivo especial de las fuerzas de seguridad \u00abpara coadyuvar a la efectividad de la focalizaci\u00f3n\u201d.<\/strong><\/p>\n<p>Adem\u00e1s, el ministro de Seguridad, Horacio di N\u00e1poli y el subsecretario de Salud, Gustavo Vera, se constituir\u00e1n en Intendente Alvear para coordinar acciones con el Municipio.<\/p>\n<p>La decisi\u00f3n de retrotraer a Fase\u00a0 1 esta localidad fue instrumentada a trav\u00e9s de un decreto provincial que lleva al firma del gobernador Sergio Ziliotto y los ministros del Poder Ejecutivo.<\/p>\n<div class=\"oasis-despues-del-contenido\" id=\"oasis-275717718\"><img loading=\"lazy\" decoding=\"async\" src=\"https:\/\/oasisfm935.com.ar\/site\/wp-content\/uploads\/2020\/08\/47806202-8741-49f2-a5c9-d2f930e5baa1.jpg\" alt=\"\"  srcset=\"https:\/\/oasisfm935.com.ar\/site\/wp-content\/uploads\/2020\/08\/47806202-8741-49f2-a5c9-d2f930e5baa1.jpg 1080w, https:\/\/oasisfm935.com.ar\/site\/wp-content\/uploads\/2020\/08\/47806202-8741-49f2-a5c9-d2f930e5baa1-300x300.jpg 300w, https:\/\/oasisfm935.com.ar\/site\/wp-content\/uploads\/2020\/08\/47806202-8741-49f2-a5c9-d2f930e5baa1-1024x1024.jpg 1024w, https:\/\/oasisfm935.com.ar\/site\/wp-content\/uploads\/2020\/08\/47806202-8741-49f2-a5c9-d2f930e5baa1-150x150.jpg 150w, https:\/\/oasisfm935.com.ar\/site\/wp-content\/uploads\/2020\/08\/47806202-8741-49f2-a5c9-d2f930e5baa1-768x768.jpg 768w\" sizes=\"(max-width: 1080px) 100vw, 1080px\" class=\"no-lazyload\" width=\"1080\" height=\"1080\"  style=\"display: inline-block;\" \/><\/div>","protected":false},"excerpt":{"rendered":"<p>El gobierno de La Pampa tom\u00f3 la decisi\u00f3n para \u201cidentificar, aislar y cortar la cadena de contagios\u201d. En principio se extender\u00e1 por<\/p>\n","protected":false},"author":4,"featured_media":6675,"comment_status":"closed","ping_status":"open","sticky":false,"template":"","format":"standard","meta":{"colormag_page_layout":"default_layout","footnotes":""},"categories":[2],"tags":[],"class_list":["post-6674","post","type-post","status-publish","format-standard","has-post-thumbnail","hentry","category-noticias"],"_links":{"self":[{"href":"https:\/\/oasisfm935.com.ar\/site\/wp-json\/wp\/v2\/posts\/6674","targetHints":{"allow":["GET"]}}],"collection":[{"href":"https:\/\/oasisfm935.com.ar\/site\/wp-json\/wp\/v2\/posts"}],"about":[{"href":"https:\/\/oasisfm935.com.ar\/site\/wp-json\/wp\/v2\/types\/post"}],"author":[{"embeddable":true,"href":"https:\/\/oasisfm935.com.ar\/site\/wp-json\/wp\/v2\/users\/4"}],"replies":[{"embeddable":true,"href":"https:\/\/oasisfm935.com.ar\/site\/wp-json\/wp\/v2\/comments?post=6674"}],"version-history":[{"count":1,"href":"https:\/\/oasisfm935.com.ar\/site\/wp-json\/wp\/v2\/posts\/6674\/revisions"}],"predecessor-version":[{"id":6676,"href":"https:\/\/oasisfm935.com.ar\/site\/wp-json\/wp\/v2\/posts\/6674\/revisions\/6676"}],"wp:featuredmedia":[{"embeddable":true,"href":"https:\/\/oasisfm935.com.ar\/site\/wp-json\/wp\/v2\/media\/6675"}],"wp:attachment":[{"href":"https:\/\/oasisfm935.com.ar\/site\/wp-json\/wp\/v2\/media?parent=6674"}],"wp:term":[{"taxonomy":"category","embeddable":true,"href":"https:\/\/oasisfm935.com.ar\/site\/wp-json\/wp\/v2\/categories?post=6674"},{"taxonomy":"post_tag","embeddable":true,"href":"https:\/\/oasisfm935.com.ar\/site\/wp-json\/wp\/v2\/tags?post=6674"}],"curies":[{"name":"wp","href":"https:\/\/api.w.org\/{rel}","templated":true}]}}