{"id":6677,"date":"2020-09-08T20:34:54","date_gmt":"2020-09-08T23:34:54","guid":{"rendered":"http:\/\/oasisfm935.com\/site\/?p=6677"},"modified":"2020-09-08T20:34:54","modified_gmt":"2020-09-08T23:34:54","slug":"coronavirus-16-nuevos-casos-positivos-y-2-076-personas-aisladas-en-la-pampa","status":"publish","type":"post","link":"https:\/\/oasisfm935.com.ar\/site\/coronavirus-16-nuevos-casos-positivos-y-2-076-personas-aisladas-en-la-pampa\/","title":{"rendered":"Coronavirus: 16 nuevos casos positivos y 2.076 personas aisladas en La Pampa."},"content":{"rendered":"<p>El Gobierno de la Provincia de La Pampa, a trav\u00e9s del Ministerio de Salud, comunic\u00f3 que en la tarde del d\u00eda de la fecha se finaliz\u00f3 con el procesamiento de 63 muestras en los laboratorios de Epidemiolog\u00eda, Hospital Lucio Molas y Establecimiento Asistencial Gobernador Centeno, de las cuales 16 resultaron positivas para COVID-19.<\/p>\n<p>Se trata de 3 personas residentes en la ciudad de Santa Rosa, 11 de la localidad de Intendente Alvear, 2 de la localidad de Bernardo Larroud\u00e9. Se est\u00e1 trabajando en la investigaci\u00f3n epidemiol\u00f3gica de los casos, para evitar la diseminaci\u00f3n del virus.<\/p>\n<p><strong>Situaci\u00f3n provincial :<\/strong><\/p>\n<p>Desde el inicio de la pandemia se registraron en La Pampa un total de 247 casos positivos para COVID-19, de los cuales 52 permanecen activos, 3 fallecieron y 192 se recuperaron. Los casos confirmados activos est\u00e1n distribuidos de la siguiente manera: 10 en la ciudad de Santa Rosa, 5 en General Pico, 1 en Catril\u00f3, 1 en Guatrach\u00e9, 4 en La Adela, 1 en Macach\u00edn, 8 en 25 de Mayo y 2 en Gobernador Duval, 2 en Toay, 14 en Intendente Alvear, 2 en General Acha y 2 en Bernardo Larroud\u00e9.<\/p>\n<p>Seg\u00fan el reporte oficial al d\u00eda de la fecha se encuentran aisladas 2076 personas. Se encuentran internadas 8 personas confirmadas para COVID-19, 2 de ellas en cl\u00ednica m\u00e9dica del Establecimiento Asistencial Gobernador Centeno y la otras 6 en cl\u00ednica m\u00e9dica del Centro Emergente de Asistencia Respiratoria (CEAR) de la ciudad de Santa Rosa.<\/p>\n<div class=\"oasis-despues-del-contenido\" id=\"oasis-3107173542\"><img loading=\"lazy\" decoding=\"async\" src=\"https:\/\/oasisfm935.com.ar\/site\/wp-content\/uploads\/2020\/08\/47806202-8741-49f2-a5c9-d2f930e5baa1.jpg\" alt=\"\"  srcset=\"https:\/\/oasisfm935.com.ar\/site\/wp-content\/uploads\/2020\/08\/47806202-8741-49f2-a5c9-d2f930e5baa1.jpg 1080w, https:\/\/oasisfm935.com.ar\/site\/wp-content\/uploads\/2020\/08\/47806202-8741-49f2-a5c9-d2f930e5baa1-300x300.jpg 300w, https:\/\/oasisfm935.com.ar\/site\/wp-content\/uploads\/2020\/08\/47806202-8741-49f2-a5c9-d2f930e5baa1-1024x1024.jpg 1024w, https:\/\/oasisfm935.com.ar\/site\/wp-content\/uploads\/2020\/08\/47806202-8741-49f2-a5c9-d2f930e5baa1-150x150.jpg 150w, https:\/\/oasisfm935.com.ar\/site\/wp-content\/uploads\/2020\/08\/47806202-8741-49f2-a5c9-d2f930e5baa1-768x768.jpg 768w\" sizes=\"(max-width: 1080px) 100vw, 1080px\" class=\"no-lazyload\" width=\"1080\" height=\"1080\"  style=\"display: inline-block;\" \/><\/div>","protected":false},"excerpt":{"rendered":"<p>El Gobierno de la Provincia de La Pampa, a trav\u00e9s del Ministerio de Salud, comunic\u00f3 que en la tarde del d\u00eda de<\/p>\n","protected":false},"author":4,"featured_media":6678,"comment_status":"closed","ping_status":"open","sticky":false,"template":"","format":"standard","meta":{"colormag_page_layout":"default_layout","footnotes":""},"categories":[2],"tags":[],"class_list":["post-6677","post","type-post","status-publish","format-standard","has-post-thumbnail","hentry","category-noticias"],"_links":{"self":[{"href":"https:\/\/oasisfm935.com.ar\/site\/wp-json\/wp\/v2\/posts\/6677","targetHints":{"allow":["GET"]}}],"collection":[{"href":"https:\/\/oasisfm935.com.ar\/site\/wp-json\/wp\/v2\/posts"}],"about":[{"href":"https:\/\/oasisfm935.com.ar\/site\/wp-json\/wp\/v2\/types\/post"}],"author":[{"embeddable":true,"href":"https:\/\/oasisfm935.com.ar\/site\/wp-json\/wp\/v2\/users\/4"}],"replies":[{"embeddable":true,"href":"https:\/\/oasisfm935.com.ar\/site\/wp-json\/wp\/v2\/comments?post=6677"}],"version-history":[{"count":1,"href":"https:\/\/oasisfm935.com.ar\/site\/wp-json\/wp\/v2\/posts\/6677\/revisions"}],"predecessor-version":[{"id":6679,"href":"https:\/\/oasisfm935.com.ar\/site\/wp-json\/wp\/v2\/posts\/6677\/revisions\/6679"}],"wp:featuredmedia":[{"embeddable":true,"href":"https:\/\/oasisfm935.com.ar\/site\/wp-json\/wp\/v2\/media\/6678"}],"wp:attachment":[{"href":"https:\/\/oasisfm935.com.ar\/site\/wp-json\/wp\/v2\/media?parent=6677"}],"wp:term":[{"taxonomy":"category","embeddable":true,"href":"https:\/\/oasisfm935.com.ar\/site\/wp-json\/wp\/v2\/categories?post=6677"},{"taxonomy":"post_tag","embeddable":true,"href":"https:\/\/oasisfm935.com.ar\/site\/wp-json\/wp\/v2\/tags?post=6677"}],"curies":[{"name":"wp","href":"https:\/\/api.w.org\/{rel}","templated":true}]}}