{"id":668,"date":"2019-02-06T09:05:05","date_gmt":"2019-02-06T12:05:05","guid":{"rendered":"http:\/\/oasisfm935.com\/site\/?p=668"},"modified":"2019-02-06T09:05:05","modified_gmt":"2019-02-06T12:05:05","slug":"una-mujer-de-castex-denuncio-que-hace-34-anos-la-violo-un-actual-diputado","status":"publish","type":"post","link":"https:\/\/oasisfm935.com.ar\/site\/una-mujer-de-castex-denuncio-que-hace-34-anos-la-violo-un-actual-diputado\/","title":{"rendered":"Una mujer de Castex denunci\u00f3 que hace 34 a\u00f1os la viol\u00f3 un actual Diputado"},"content":{"rendered":"<p>La castense\u00a0<strong>Marcela Castillo (49)<\/strong>denunci\u00f3 p\u00fablicamente que\u00a0<strong>en 1984 un actual diputado provincial de la UCR, Fernando Perell\u00f3, la viol\u00f3, en un episodio en el que estuvieron involucradas otras dos personas.<\/strong>\u00a0\u201cMe moviliz\u00f3 el relato de la actriz Thelma Fard\u00edn\u201d, dijo.\u00a0Los tres acusados finalmente fueron sobrese\u00eddos por la Justicia pampeana.<\/p>\n<p>Castillo relat\u00f3 que fue violada cuando ten\u00eda 15 a\u00f1os. \u201cCon los tres involucrados nos conoc\u00edamos del pueblo, del colegio secundario y a esa casa (donde ocurri\u00f3 el episodio denunciado) entraba porque le vend\u00eda productos (cosm\u00e9ticos) a la madre de uno de los violadores\u201d, cont\u00f3 a Radio Don, de Eduardo Castex.<\/p>\n<p><strong>\u201cFue un momento de charlas y mirar TV, y un momento determinado todo pas\u00f3 a ser un caos. Empez\u00f3 a tocarme uno, despu\u00e9s el otro y me quer\u00eda ir, pero no me dejaban. Eran tres personas de mayor contextura f\u00edsica, y dos me violaron. Al otro le ped\u00eda que me ayudara, pero no hizo nada y se qued\u00f3 mirando c\u00f3mo me violaron\u201d<\/strong>, afirm\u00f3.<\/p>\n<p><strong>\u201cEl s\u00e1dico y m\u00e1s enfermo, m\u00e1s all\u00e1 que no soy psic\u00f3loga para hacer ese an\u00e1lisis, fue Fernando Perell\u00f3,<\/strong>y creo que sigo haciendo terapia para sanar el dolor tan grande que tengo, pero es imposible no acordarme de su cara por la invasi\u00f3n a mi cuerpo y porque\u00a0<strong>me agarraba de los pelos y me dec\u00eda que me lo merec\u00eda por puta\u201d<\/strong>, dijo.<\/p>\n<p>\u201cLlegu\u00e9 a mi casa y me llevaron al hospital donde me atendi\u00f3 el doctor (Luis) Ordo\u00f1ez, y le confirm\u00f3 a mi madre que hab\u00eda sido violada. Hoy ya no tengo 15 a\u00f1os y ahora soy una mujer. Muchas veces me culp\u00e9, estaba enojada con esa nena y ahora entend\u00ed que es mi historia y es parte de mi vida y decid\u00ed contarlo, porque es todo tan incre\u00edble que los diputados cobran sus salarios de los impuestos de la gente, y mi mam\u00e1 tributa en Eduardo Castex y est\u00e1 aportando para pagar a mi violador\u201d, lament\u00f3.<\/p>\n<p><strong>Los tres acusados -Perell\u00f3, un empresario fallecido y el propietario de una metal\u00fargica- fueron sobrese\u00eddos por la Justicia pampeana, teniendo en cuenta solamente declaraciones de autoridades policiales y por haberse agotado el per\u00edodo de presentaci\u00f3n de prueba.<\/strong><\/p>\n<div class=\"g g-1\">\n<div class=\"g-single a-4\"><\/div>\n<\/div>\n<p>Pero ahora, el abogado Daniel Sandoval solicit\u00f3 la historia cl\u00ednica en el Hospital de Eduardo Castex y los archivos de los antecedentes judiciales de la causa en el Poder Judicial de La Pampa.<\/p>\n<p>Un dato: el diputado Perell\u00f3 aspira a ser reelecto en las pr\u00f3ximas elecciones. Integra la lista del precandidato de Cambiemos, el radical Daniel Kroneberger.<\/p>\n<p>&nbsp;<\/p>\n<p><em><strong>(Foto gentileza Radio Don)<\/strong><\/em><\/p>\n<div class=\"oasis-despues-del-contenido\" id=\"oasis-1633701410\"><img loading=\"lazy\" decoding=\"async\" src=\"https:\/\/oasisfm935.com.ar\/site\/wp-content\/uploads\/2020\/08\/47806202-8741-49f2-a5c9-d2f930e5baa1.jpg\" alt=\"\"  srcset=\"https:\/\/oasisfm935.com.ar\/site\/wp-content\/uploads\/2020\/08\/47806202-8741-49f2-a5c9-d2f930e5baa1.jpg 1080w, https:\/\/oasisfm935.com.ar\/site\/wp-content\/uploads\/2020\/08\/47806202-8741-49f2-a5c9-d2f930e5baa1-300x300.jpg 300w, https:\/\/oasisfm935.com.ar\/site\/wp-content\/uploads\/2020\/08\/47806202-8741-49f2-a5c9-d2f930e5baa1-1024x1024.jpg 1024w, https:\/\/oasisfm935.com.ar\/site\/wp-content\/uploads\/2020\/08\/47806202-8741-49f2-a5c9-d2f930e5baa1-150x150.jpg 150w, https:\/\/oasisfm935.com.ar\/site\/wp-content\/uploads\/2020\/08\/47806202-8741-49f2-a5c9-d2f930e5baa1-768x768.jpg 768w\" sizes=\"(max-width: 1080px) 100vw, 1080px\" class=\"no-lazyload\" width=\"1080\" height=\"1080\"  style=\"display: inline-block;\" \/><\/div>","protected":false},"excerpt":{"rendered":"<p>La castense\u00a0Marcela Castillo (49)denunci\u00f3 p\u00fablicamente que\u00a0en 1984 un actual diputado provincial de la UCR, Fernando Perell\u00f3, la viol\u00f3, en un episodio en<\/p>\n","protected":false},"author":4,"featured_media":669,"comment_status":"closed","ping_status":"open","sticky":false,"template":"","format":"standard","meta":{"colormag_page_layout":"default_layout","footnotes":""},"categories":[2],"tags":[],"class_list":["post-668","post","type-post","status-publish","format-standard","has-post-thumbnail","hentry","category-noticias"],"_links":{"self":[{"href":"https:\/\/oasisfm935.com.ar\/site\/wp-json\/wp\/v2\/posts\/668","targetHints":{"allow":["GET"]}}],"collection":[{"href":"https:\/\/oasisfm935.com.ar\/site\/wp-json\/wp\/v2\/posts"}],"about":[{"href":"https:\/\/oasisfm935.com.ar\/site\/wp-json\/wp\/v2\/types\/post"}],"author":[{"embeddable":true,"href":"https:\/\/oasisfm935.com.ar\/site\/wp-json\/wp\/v2\/users\/4"}],"replies":[{"embeddable":true,"href":"https:\/\/oasisfm935.com.ar\/site\/wp-json\/wp\/v2\/comments?post=668"}],"version-history":[{"count":1,"href":"https:\/\/oasisfm935.com.ar\/site\/wp-json\/wp\/v2\/posts\/668\/revisions"}],"predecessor-version":[{"id":670,"href":"https:\/\/oasisfm935.com.ar\/site\/wp-json\/wp\/v2\/posts\/668\/revisions\/670"}],"wp:featuredmedia":[{"embeddable":true,"href":"https:\/\/oasisfm935.com.ar\/site\/wp-json\/wp\/v2\/media\/669"}],"wp:attachment":[{"href":"https:\/\/oasisfm935.com.ar\/site\/wp-json\/wp\/v2\/media?parent=668"}],"wp:term":[{"taxonomy":"category","embeddable":true,"href":"https:\/\/oasisfm935.com.ar\/site\/wp-json\/wp\/v2\/categories?post=668"},{"taxonomy":"post_tag","embeddable":true,"href":"https:\/\/oasisfm935.com.ar\/site\/wp-json\/wp\/v2\/tags?post=668"}],"curies":[{"name":"wp","href":"https:\/\/api.w.org\/{rel}","templated":true}]}}