{"id":6688,"date":"2020-09-09T11:05:26","date_gmt":"2020-09-09T14:05:26","guid":{"rendered":"http:\/\/oasisfm935.com\/site\/?p=6688"},"modified":"2020-09-09T11:05:26","modified_gmt":"2020-09-09T14:05:26","slug":"desde-el-1o-de-septiembre-esta-en-funciones-celeste-rossi-a-cargo-del-juzgado-de-faltas-de-ing-luiggi","status":"publish","type":"post","link":"https:\/\/oasisfm935.com.ar\/site\/desde-el-1o-de-septiembre-esta-en-funciones-celeste-rossi-a-cargo-del-juzgado-de-faltas-de-ing-luiggi\/","title":{"rendered":"Desde el 1\u00ba de septiembre est\u00e1 en funciones Celeste Rossi a cargo del Juzgado de Faltas de Ing. Luiggi"},"content":{"rendered":"<p>La flamante Jueza de Faltas Celeste Rossi ya se encuentra en funciones hasta tanto se resuelva definitivamente la situaci\u00f3n de la abogada Teller\u00eda, quien fue apartada de su cargo por un supuesto incumplimiento de la cuarentena.<\/p>\n<p>La abogada Celeste Rossi fue nombrada a cargo del Juzgado de Faltas por resoluci\u00f3n municipal 271 y dicha resoluci\u00f3n fue ratificada por ordenanza el d\u00eda 25 de agosto en una sesi\u00f3n extraordinaria del Concejo Deliberante.<\/p>\n<p>La abogada comenz\u00f3 a cumplir funciones el 1\u00ba de septiembre. \u00ab<strong>Ese mismo d\u00eda tuve una reuni\u00f3n con mi equipo de trabajo con la presencia tambi\u00e9n de la intendenta Patricia Lavin\u00bb.<\/strong><\/p>\n<p>\u00abMi equipo est\u00e1 integrado por Vanesa Salinas, Romina Machuca, Marita Morales, Mariana Hern\u00e1ndez, Javier La Porta y Mariela Barre\u00f1a\u00bb, explic\u00f3 a Zonal Noticias y FM Oasis.<\/p>\n<p>La flamante Jueza de Faltas destac\u00f3: \u00abQuisiera aprovechar esta oportunidad, primero para que la gente me conozca, y sepa que estoy a cargo del Juzgado, pero sobre todo para informarles que existe una\u00a0<strong>l\u00ednea de tel\u00e9fono 2302-548783<\/strong>\u00a0que se encuentra disponible para todo tipo de reclamos y dudas\u00bb.<\/p>\n<p>Adem\u00e1s Rossi inform\u00f3 que se est\u00e1 trabajando de lunes a viernes de 8 a 13 horas, tambi\u00e9n pueden dirigirse personalmente y en caso de que no quieran asistir en persona, tambi\u00e9n se pueden comunicar a ese n\u00famero y se van a evacuar todas las dudas que tengan\u00bb.<\/p>\n<p>La profesional agradeci\u00f3 a su equipo de trabajo y a la gesti\u00f3n de Patricia Lavin \u00abpor darme la posibilidad de trabajar en mi pueblo que es algo muy importante y anhelado por m\u00ed\u00bb.<\/p>\n<p>Recordemos que Celeste Rossi fue puesta en funciones, tras ser apartada de su cargo la Jueza de Faltas Noelia Teller\u00eda, sobre quien pesa una investigaci\u00f3n judicial por supuesta infracci\u00f3n a la cuarentena.<\/p>\n<p><strong>La resoluci\u00f3n que dispuso su apartamiento es la siguiente:<\/strong><\/p>\n<p>En virtud de la Resoluci\u00f3n Municipal N\u2070 269 que orden\u00f3\u00a0<strong>la separaci\u00f3n del cargo de Jueza de Faltas de la Municipalidad a la abogada Noelia Teller\u00eda<\/strong>, conforme al art\u00edculo 6, \u00faltimo p\u00e1rrafo, de la Ordenanza Municipal 28\/11 que establece\u2026.\u00bb<strong>\u00a0Cuando se impute al juez\/a, la comisi\u00f3n de delitos dolosos, ser\u00e1 suspendido\/a en sus funciones en forma autom\u00e1tica. Cuando se produzca procesamiento firme o sentencia condenatoria proceder\u00e1 de pleno derecho su destituci\u00f3n \u00ab.<\/strong><\/p>\n<p>El tema fue tratado y aprobado en sesi\u00f3n especial el 24 de Agosto de 2020 y se ratific\u00f3 la designaci\u00f3n de la abogada Mar\u00eda Celeste Rossi para el cargo,\u00a0<strong>con 7 votos positivos y una abstenci\u00f3n de la UCR.<\/strong><\/p>\n<p><strong>Actualmente Rossi se encuentra cumpliendo funciones hasta tanto se resuelva definitivamente la situaci\u00f3n de la abogada Telleria.<\/strong><\/p>\n<div class=\"oasis-despues-del-contenido\" id=\"oasis-3293022475\"><img loading=\"lazy\" decoding=\"async\" src=\"https:\/\/oasisfm935.com.ar\/site\/wp-content\/uploads\/2020\/08\/47806202-8741-49f2-a5c9-d2f930e5baa1.jpg\" alt=\"\"  srcset=\"https:\/\/oasisfm935.com.ar\/site\/wp-content\/uploads\/2020\/08\/47806202-8741-49f2-a5c9-d2f930e5baa1.jpg 1080w, https:\/\/oasisfm935.com.ar\/site\/wp-content\/uploads\/2020\/08\/47806202-8741-49f2-a5c9-d2f930e5baa1-300x300.jpg 300w, https:\/\/oasisfm935.com.ar\/site\/wp-content\/uploads\/2020\/08\/47806202-8741-49f2-a5c9-d2f930e5baa1-1024x1024.jpg 1024w, https:\/\/oasisfm935.com.ar\/site\/wp-content\/uploads\/2020\/08\/47806202-8741-49f2-a5c9-d2f930e5baa1-150x150.jpg 150w, https:\/\/oasisfm935.com.ar\/site\/wp-content\/uploads\/2020\/08\/47806202-8741-49f2-a5c9-d2f930e5baa1-768x768.jpg 768w\" sizes=\"(max-width: 1080px) 100vw, 1080px\" class=\"no-lazyload\" width=\"1080\" height=\"1080\"  style=\"display: inline-block;\" \/><\/div>","protected":false},"excerpt":{"rendered":"<p>La flamante Jueza de Faltas Celeste Rossi ya se encuentra en funciones hasta tanto se resuelva definitivamente la situaci\u00f3n de la abogada<\/p>\n","protected":false},"author":4,"featured_media":6689,"comment_status":"closed","ping_status":"open","sticky":false,"template":"","format":"standard","meta":{"colormag_page_layout":"default_layout","footnotes":""},"categories":[2],"tags":[],"class_list":["post-6688","post","type-post","status-publish","format-standard","has-post-thumbnail","hentry","category-noticias"],"_links":{"self":[{"href":"https:\/\/oasisfm935.com.ar\/site\/wp-json\/wp\/v2\/posts\/6688","targetHints":{"allow":["GET"]}}],"collection":[{"href":"https:\/\/oasisfm935.com.ar\/site\/wp-json\/wp\/v2\/posts"}],"about":[{"href":"https:\/\/oasisfm935.com.ar\/site\/wp-json\/wp\/v2\/types\/post"}],"author":[{"embeddable":true,"href":"https:\/\/oasisfm935.com.ar\/site\/wp-json\/wp\/v2\/users\/4"}],"replies":[{"embeddable":true,"href":"https:\/\/oasisfm935.com.ar\/site\/wp-json\/wp\/v2\/comments?post=6688"}],"version-history":[{"count":1,"href":"https:\/\/oasisfm935.com.ar\/site\/wp-json\/wp\/v2\/posts\/6688\/revisions"}],"predecessor-version":[{"id":6690,"href":"https:\/\/oasisfm935.com.ar\/site\/wp-json\/wp\/v2\/posts\/6688\/revisions\/6690"}],"wp:featuredmedia":[{"embeddable":true,"href":"https:\/\/oasisfm935.com.ar\/site\/wp-json\/wp\/v2\/media\/6689"}],"wp:attachment":[{"href":"https:\/\/oasisfm935.com.ar\/site\/wp-json\/wp\/v2\/media?parent=6688"}],"wp:term":[{"taxonomy":"category","embeddable":true,"href":"https:\/\/oasisfm935.com.ar\/site\/wp-json\/wp\/v2\/categories?post=6688"},{"taxonomy":"post_tag","embeddable":true,"href":"https:\/\/oasisfm935.com.ar\/site\/wp-json\/wp\/v2\/tags?post=6688"}],"curies":[{"name":"wp","href":"https:\/\/api.w.org\/{rel}","templated":true}]}}