{"id":6692,"date":"2020-09-09T14:01:20","date_gmt":"2020-09-09T17:01:20","guid":{"rendered":"http:\/\/oasisfm935.com\/site\/?p=6692"},"modified":"2020-09-09T14:01:20","modified_gmt":"2020-09-09T17:01:20","slug":"la-pampa-covid-19-10-muestras-analizadas-resultaron-negativas","status":"publish","type":"post","link":"https:\/\/oasisfm935.com.ar\/site\/la-pampa-covid-19-10-muestras-analizadas-resultaron-negativas\/","title":{"rendered":"La Pampa COVID-19: 10 muestras analizadas resultaron negativas"},"content":{"rendered":"<p class=\"lead nota-detalle-bajada\">El Gobierno de la Provincia de La Pampa a trav\u00e9s del Ministerio de Salud comunic\u00f3 que en la ma\u00f1ana de hoy mi\u00e9rcoles 9 de septiembre, se finaliz\u00f3 con el procesamiento de 10 muestras analizadas en el laboratorio del Hospital Lucio Molas, las mismas resultaron negativas para COVID-19. El total de aislados en toda la provincia asciende a 2.130 personas.<\/p>\n<div class=\"nota-detalle-cuerpo\">\n<p>Referentes del Ministerio de Salud se encuentran trabajando en la localidad de Intendente Alvear, evaluando la situaci\u00f3n epidemiol\u00f3gica e intentando frenar la diseminaci\u00f3n del virus.<br \/>\nLas muestras tomadas en el d\u00eda de hoy, ser\u00e1n procesadas e informadas por la tarde.<br \/>\n<strong>Situaci\u00f3n provincial:<\/strong><br \/>\nDesde el inicio de la pandemia, en la provincia, se registraron un total 253 casos positivos para COVID-19, de los cuales 58 permanecen activos, 3 fallecieron y 192 se recuperaron. Los casos confirmados activos est\u00e1n distribuidos de la siguiente manera: 10 en la ciudad de Santa Rosa, 5 en General Pico, 1 en Catril\u00f3, 1 en Guatrach\u00e9, 4 La Adela, 1 en Macach\u00edn, 8 en 25 de Mayo y 2 en Gobernador Duval ,2 en Toay, 20 en Intendente Alvear ,2 en General Acha y 2 en Bernardo Larroud\u00e9.<br \/>\nSe encuentran internadas 8 personas confirmadas para COVID-19, 2 de ellas en cl\u00ednica m\u00e9dica del Establecimiento Asistencial Gobernador Centeno y la otras 6 en cl\u00ednica m\u00e9dica del Centro Emergente de Asistencia Respiratoria (CEAR) de la ciudad de Santa Rosa<\/p>\n<p><strong>Aclaraci\u00f3n sobre la carga de casos confirmados en el Reporte Nacional :<\/strong><br \/>\nEs importante aclarar que existe una diferencia de casos confirmados entre el Reporte Provincial y el Nacional ya que se asisten y notifican pacientes que viven en otras provincias que tienen domicilio legal (el que figura en el DNI) en la provincia de La Pampa.<\/p>\n<\/div>\n<div class=\"oasis-despues-del-contenido\" id=\"oasis-2609054392\"><img loading=\"lazy\" decoding=\"async\" src=\"https:\/\/oasisfm935.com.ar\/site\/wp-content\/uploads\/2020\/08\/47806202-8741-49f2-a5c9-d2f930e5baa1.jpg\" alt=\"\"  srcset=\"https:\/\/oasisfm935.com.ar\/site\/wp-content\/uploads\/2020\/08\/47806202-8741-49f2-a5c9-d2f930e5baa1.jpg 1080w, https:\/\/oasisfm935.com.ar\/site\/wp-content\/uploads\/2020\/08\/47806202-8741-49f2-a5c9-d2f930e5baa1-300x300.jpg 300w, https:\/\/oasisfm935.com.ar\/site\/wp-content\/uploads\/2020\/08\/47806202-8741-49f2-a5c9-d2f930e5baa1-1024x1024.jpg 1024w, https:\/\/oasisfm935.com.ar\/site\/wp-content\/uploads\/2020\/08\/47806202-8741-49f2-a5c9-d2f930e5baa1-150x150.jpg 150w, https:\/\/oasisfm935.com.ar\/site\/wp-content\/uploads\/2020\/08\/47806202-8741-49f2-a5c9-d2f930e5baa1-768x768.jpg 768w\" sizes=\"(max-width: 1080px) 100vw, 1080px\" class=\"no-lazyload\" width=\"1080\" height=\"1080\"  style=\"display: inline-block;\" \/><\/div>","protected":false},"excerpt":{"rendered":"<p>El Gobierno de la Provincia de La Pampa a trav\u00e9s del Ministerio de Salud comunic\u00f3 que en la ma\u00f1ana de hoy mi\u00e9rcoles<\/p>\n","protected":false},"author":4,"featured_media":6693,"comment_status":"closed","ping_status":"open","sticky":false,"template":"","format":"standard","meta":{"colormag_page_layout":"default_layout","footnotes":""},"categories":[2],"tags":[],"class_list":["post-6692","post","type-post","status-publish","format-standard","has-post-thumbnail","hentry","category-noticias"],"_links":{"self":[{"href":"https:\/\/oasisfm935.com.ar\/site\/wp-json\/wp\/v2\/posts\/6692","targetHints":{"allow":["GET"]}}],"collection":[{"href":"https:\/\/oasisfm935.com.ar\/site\/wp-json\/wp\/v2\/posts"}],"about":[{"href":"https:\/\/oasisfm935.com.ar\/site\/wp-json\/wp\/v2\/types\/post"}],"author":[{"embeddable":true,"href":"https:\/\/oasisfm935.com.ar\/site\/wp-json\/wp\/v2\/users\/4"}],"replies":[{"embeddable":true,"href":"https:\/\/oasisfm935.com.ar\/site\/wp-json\/wp\/v2\/comments?post=6692"}],"version-history":[{"count":1,"href":"https:\/\/oasisfm935.com.ar\/site\/wp-json\/wp\/v2\/posts\/6692\/revisions"}],"predecessor-version":[{"id":6694,"href":"https:\/\/oasisfm935.com.ar\/site\/wp-json\/wp\/v2\/posts\/6692\/revisions\/6694"}],"wp:featuredmedia":[{"embeddable":true,"href":"https:\/\/oasisfm935.com.ar\/site\/wp-json\/wp\/v2\/media\/6693"}],"wp:attachment":[{"href":"https:\/\/oasisfm935.com.ar\/site\/wp-json\/wp\/v2\/media?parent=6692"}],"wp:term":[{"taxonomy":"category","embeddable":true,"href":"https:\/\/oasisfm935.com.ar\/site\/wp-json\/wp\/v2\/categories?post=6692"},{"taxonomy":"post_tag","embeddable":true,"href":"https:\/\/oasisfm935.com.ar\/site\/wp-json\/wp\/v2\/tags?post=6692"}],"curies":[{"name":"wp","href":"https:\/\/api.w.org\/{rel}","templated":true}]}}