{"id":6696,"date":"2020-09-09T18:24:58","date_gmt":"2020-09-09T21:24:58","guid":{"rendered":"http:\/\/oasisfm935.com\/site\/?p=6696"},"modified":"2020-09-09T18:25:23","modified_gmt":"2020-09-09T21:25:23","slug":"la-pampa-ziliotto-denuncio-un-intento-de-golpe-del-poder-real","status":"publish","type":"post","link":"https:\/\/oasisfm935.com.ar\/site\/la-pampa-ziliotto-denuncio-un-intento-de-golpe-del-poder-real\/","title":{"rendered":"La Pampa Ziliotto denunci\u00f3 un intento de golpe \u201cdel poder real\u201d"},"content":{"rendered":"<p>El gobernador de La Pampa se sum\u00f3 a los distintos referentes pol\u00edticos que repudiaron el accionar policial y consider\u00f3 que violentan \u201clas reglas institucionales y democr\u00e1ticas\u201d.<\/p>\n<p>Por medio de las redes sociales el gobernador de La Pampa destac\u00f3 que \u201cla legitimidad de un reclamo nunca justifica violentar reglas institucionales y democr\u00e1ticas\u201d.<\/p>\n<p>\u201cMenos a\u00fan la miserable utilizaci\u00f3n que hace el poder real que gobern\u00f3 el pa\u00eds para golpear a gobiernos surgidos del voto popular buscando recuperar privilegios\u201d, indic\u00f3.<\/p>\n<p><strong>M\u00e1s repudios<\/strong><\/p>\n<p><strong>Los diputados nacionales, Hern\u00e1n P\u00e9rez Araujo, Melina Del\u00fa y Ariel Rauschenberger<\/strong>\u00a0presentaron un Proyecto de Declaraci\u00f3n en el cual expresamos total repudio y profunda preocupaci\u00f3n por las manifestaciones realizadas por algunos efectivos\u201d.<\/p>\n<p>\u201cLa polic\u00eda de la democracia, a quienes se les ha asignado sus armas y movilidad por parte del Estado democr\u00e1tico, para velar por la seguridad de la ciudadan\u00eda, no pueden en virtud de un reclamo que puede resultar leg\u00edtimo, hacer uso de ellas para condicionar y presionar a los poderes constituidos\u201d, a\u00f1adi\u00f3.<\/p>\n<p>\u201cLa situaci\u00f3n, de extrema gravedad, amerita respuestas institucionales inmediatas a fin de llevar tranquilidad a la sociedad, y echar luz sobre las oscuras sombras del pasado que desde algunos sectores parecen querer revivirse\u201d, dijo.<\/p>\n<p><strong>El Ministro de Gobierno, Justicia y Derechos Humanos, Pablo Daniel Bensusan<\/strong>, se\u00f1al\u00f3 que \u201cla Democracia tiene previstas instancias para dirimir conflictos y reclamos. Se debe tener extrema precauci\u00f3n con cualquier movimiento que se pueda aprovechar con fines desestabilizadores. Confiamos en el di\u00e1logo como camino genuino para la soluci\u00f3n de conflictos\u201d.<\/p>\n<p>Tambi\u00e9n el diputado\u00a0<strong>Espartaco Mar\u00edn se expres\u00f3 por Twitter<\/strong>. Reconoci\u00f3 que \u201cel reclamo salarial de la bonaerense es justo, por eso el anuncio del aumento. Ahora&#8230; el acuartelamiento policial es un delito y el cerco en olivos es golpismo. Con la democracia no se jode\u201d.<\/p>\n<div class=\"oasis-despues-del-contenido\" id=\"oasis-3846218863\"><img loading=\"lazy\" decoding=\"async\" src=\"https:\/\/oasisfm935.com.ar\/site\/wp-content\/uploads\/2020\/08\/47806202-8741-49f2-a5c9-d2f930e5baa1.jpg\" alt=\"\"  srcset=\"https:\/\/oasisfm935.com.ar\/site\/wp-content\/uploads\/2020\/08\/47806202-8741-49f2-a5c9-d2f930e5baa1.jpg 1080w, https:\/\/oasisfm935.com.ar\/site\/wp-content\/uploads\/2020\/08\/47806202-8741-49f2-a5c9-d2f930e5baa1-300x300.jpg 300w, https:\/\/oasisfm935.com.ar\/site\/wp-content\/uploads\/2020\/08\/47806202-8741-49f2-a5c9-d2f930e5baa1-1024x1024.jpg 1024w, https:\/\/oasisfm935.com.ar\/site\/wp-content\/uploads\/2020\/08\/47806202-8741-49f2-a5c9-d2f930e5baa1-150x150.jpg 150w, https:\/\/oasisfm935.com.ar\/site\/wp-content\/uploads\/2020\/08\/47806202-8741-49f2-a5c9-d2f930e5baa1-768x768.jpg 768w\" sizes=\"(max-width: 1080px) 100vw, 1080px\" class=\"no-lazyload\" width=\"1080\" height=\"1080\"  style=\"display: inline-block;\" \/><\/div>","protected":false},"excerpt":{"rendered":"<p>El gobernador de La Pampa se sum\u00f3 a los distintos referentes pol\u00edticos que repudiaron el accionar policial y consider\u00f3 que violentan \u201clas<\/p>\n","protected":false},"author":4,"featured_media":6697,"comment_status":"closed","ping_status":"open","sticky":false,"template":"","format":"standard","meta":{"colormag_page_layout":"default_layout","footnotes":""},"categories":[2],"tags":[],"class_list":["post-6696","post","type-post","status-publish","format-standard","has-post-thumbnail","hentry","category-noticias"],"_links":{"self":[{"href":"https:\/\/oasisfm935.com.ar\/site\/wp-json\/wp\/v2\/posts\/6696","targetHints":{"allow":["GET"]}}],"collection":[{"href":"https:\/\/oasisfm935.com.ar\/site\/wp-json\/wp\/v2\/posts"}],"about":[{"href":"https:\/\/oasisfm935.com.ar\/site\/wp-json\/wp\/v2\/types\/post"}],"author":[{"embeddable":true,"href":"https:\/\/oasisfm935.com.ar\/site\/wp-json\/wp\/v2\/users\/4"}],"replies":[{"embeddable":true,"href":"https:\/\/oasisfm935.com.ar\/site\/wp-json\/wp\/v2\/comments?post=6696"}],"version-history":[{"count":1,"href":"https:\/\/oasisfm935.com.ar\/site\/wp-json\/wp\/v2\/posts\/6696\/revisions"}],"predecessor-version":[{"id":6698,"href":"https:\/\/oasisfm935.com.ar\/site\/wp-json\/wp\/v2\/posts\/6696\/revisions\/6698"}],"wp:featuredmedia":[{"embeddable":true,"href":"https:\/\/oasisfm935.com.ar\/site\/wp-json\/wp\/v2\/media\/6697"}],"wp:attachment":[{"href":"https:\/\/oasisfm935.com.ar\/site\/wp-json\/wp\/v2\/media?parent=6696"}],"wp:term":[{"taxonomy":"category","embeddable":true,"href":"https:\/\/oasisfm935.com.ar\/site\/wp-json\/wp\/v2\/categories?post=6696"},{"taxonomy":"post_tag","embeddable":true,"href":"https:\/\/oasisfm935.com.ar\/site\/wp-json\/wp\/v2\/tags?post=6696"}],"curies":[{"name":"wp","href":"https:\/\/api.w.org\/{rel}","templated":true}]}}